{"id":108,"featured":0,"modified":"2022-04-28 23:14:47","latitude":-40.6902997725945,"longitude":-71.72630310058594,"title":"Poblaci\u00f3n  Queulo C\u00e1rdenas","address":"","thumbnail":"https:\/\/archivosdelsur.ar\/files\/square_thumbnails\/dea10bcb261fedf212bf3cbd9b2847db.jpg","creator":["Archivos del Sur"],"description":"Recuerdos de Conrad Meier y su visita a los Queulo C\u00e1rdenas de \u00daltima Esperanza... Los cl\u00e1sicos eran los C\u00e1rdenas, que eran chilenos y mapuche, tengo fotos de ellos con rasgos bien marcados. Viv\u00edan en \u00daltima Esperanza... todav\u00eda est\u00e1 la poblaci\u00f3n de la viejita C\u00e1rdenas, do\u00f1a Luisa Queulo C\u00e1rdenas. Ese ciruelo (en el fondo de la casa de Conrad) lo plant\u00f3 la viejita. Donde iba a vivir plantaba un \u00e1rbol, era como un rito. Los hijos eran medios alcoh\u00f3licos y la viejita pasaba hambre y mi abuela me mandaba los domingos. Yo iba a caballo a llevarles cosas, comida, me acuerdo de la viejita, nunca dejaba de darte algo, aunque sea una torta frita para agradecer. Tej\u00eda, hac\u00eda unos tejidos maravillosos, con el telar mapuche. Antes era telar y punto, las medias tejidas, la lana y lo que me acuerdo siempre que la viejita como otras se\u00f1oras, tej\u00eda de noche a la luz del fog\u00f3n con el calor, pero no se ve\u00eda nada, tej\u00edan medias y no se equivocaba las puntadas y charlaba con vos y segu\u00eda tejiendo, eran de oficio.","sponsor":"","subtitle":"","accessinfo":"","lede":"Luisa Queulo C\u00e1rdenas habit\u00f3 la laguna de \u00daltima Esperanza. Hoy la poblaci\u00f3n est\u00e1 abandonada, solo unos enormes \u00e1lamos centenarios marcan sus vivencias. Miles de turistas pasan por ella en el recorrido tur\u00edstico senda \u00daltima Esperanza.","website":"","related_resources":[],"factoids":[],"files":{"https:\/\/archivosdelsur.ar\/files\/fullsize\/dea10bcb261fedf212bf3cbd9b2847db.jpg":{"id":395,"mime-type":"image\/jpeg","title":"Untitled","thumbnail":"https:\/\/archivosdelsur.ar\/files\/square_thumbnails\/dea10bcb261fedf212bf3cbd9b2847db.jpg"},"https:\/\/archivosdelsur.ar\/files\/fullsize\/965fb63f10d282a6ac9c940c4e3961bd.jpg":{"id":396,"mime-type":"image\/jpeg","title":"Bernardo C\u00e1rdenas, hijo de Luisa Queulo C\u00e1rdenas","thumbnail":"https:\/\/archivosdelsur.ar\/files\/square_thumbnails\/965fb63f10d282a6ac9c940c4e3961bd.jpg","description":"Bernardo C\u00e1rdenas posando en una de las calles de Villa La Angostura - d\u00e9cada 1950 (?) | colecci\u00f3n Conrad Meier  | Archivos del Sur"},"https:\/\/archivosdelsur.ar\/files\/fullsize\/8156d9063c9831506c4c995a11c89e32.jpg":{"id":397,"mime-type":"image\/jpeg","title":"Untitled","thumbnail":"https:\/\/archivosdelsur.ar\/files\/square_thumbnails\/8156d9063c9831506c4c995a11c89e32.jpg"}}}