{"id":166,"featured":0,"modified":"2024-07-29 21:08:25","latitude":-41.05938740608599,"longitude":-71.12780570983887,"title":"Estancia San Ram\u00f3n","address":"","thumbnail":"https:\/\/archivosdelsur.ar\/files\/square_thumbnails\/6f02334bfea915d452931bcae53795b1.jpg","creator":["Archivos del Sur"],"description":"<h2>En el sector rionegrino del r\u00edo Limay, entre las nacientes de este r\u00edo y Rinc\u00f3n Chico, se form\u00f3 a partir de 1901 la Estancia San Ram\u00f3n con una superficie de 30.000 has.<\/h2>\r\n<br \/>Era propiedad de la Compa\u00f1\u00eda Comercial y Ganadera Chile Argentina , una empresa de gran desenvolvimiento vinculadas a las colonias alemanas del sur de Chile. Se escritur\u00f3 a nombre del principado de Schaumburg Lippe, un antiguo estado alem\u00e1n.<br \/>El administrador pose\u00eda t\u00edtulo de nobleza y era primo del Kaiser Guillermo II, una presencia emblem\u00e1tica y severa: el Bar\u00f3n Luis Von Bulow.<br \/>El campo se empez\u00f3 alambrar en 1903 y se construyeron un conjunto de casas ubicadas al noreste del cerro Guanaco conformando el casco primitivo. El capataz fue Caupolican Mardones...en 1919 la estancia fue administrada por la Baronesa Clara Von Reitznitz y aunque la Chile Argentina comenzaba a desintregarse al concluir la primera decada del siglo XX a causa de la inminente Gran Guerra Europea, se avanz\u00f3 con la construccion de una importante casa principal... En 1920 administr\u00f3 la San Ram\u00f3n Karl Lexow y fue cuando la estancia alcanz\u00f3 a tener una carga excesiva de 25000 ovejas y 500 vacas. (del libro A cien a\u00f1os de la Colonia Agr\u00edcola Naheul Huapi - Vallmitjana pag 56)<br \/><br \/>Con el trabajo de Archivos del Sur en la recuperaci\u00f3n de memorias hist\u00f3ricas registramos a do\u00f1a Coti Carmoney y esta an\u00e9cdota nos ilustra como era el trato a la peonada en algunas estancias de la regi\u00f3n.<br \/>\r\n<p><strong>Archivos del Sur: <em>Don Saldivia (casado con Lucrecia Carmoney) nos cont\u00f3 que trabaj\u00f3 en la estancia San Ram\u00f3n, \u00bfqu\u00e9 le cont\u00f3 de esa estancia?<\/em><\/strong><\/p>\r\n<p><span>Coti Carmoney: Nos contaba siempre que ah\u00ed en la San Ram\u00f3n eran esclavos\u00a0 casi, \u00e9l vino muy joven de Chile, era alem\u00e1n-chileno. <\/span><span>Mi cu\u00f1ado, era joven cuando vino a la estancia San Ram\u00f3n, en esa estancia el capataz los hac\u00eda levantar como a las cuatro de la ma\u00f1ana, ten\u00edan a esa hora que tener el caballo ensillado para salir al campo, le daban un pedazo de galleta con un jarro de agua.\u00a0<br \/><\/span><span>El capataz castigaba, ten\u00edan un arreador que le llaman ellos, de soga, y dice que ten\u00eda tres puntas, con eso castigaba a la gente y dice que un d\u00eda\u00a0 lleg\u00f3 un paisanito buscando trabajo, chiquito, emponchadito, humilde con su caballito y le dijo: - Se\u00f1or ando buscando trabajo; el capataz, era grandote el gringo, s\u00ed le dijo, era bien malo, si ac\u00e1 hay trabajo; s\u00ed se\u00f1or, ando buscando trabajo; s\u00ed pero primero usted me monta ese caballo que est\u00e1 ah\u00ed; y el paisanito mir\u00f3 el caballo y le dijo se\u00f1or yo busco trabajo y no la muerte, ese animal es arisco y yo no vine para esto; \u00a1ah! no, no vas a montarlo\u2026 <\/span><span>Se fue para el galp\u00f3n, dice mi cu\u00f1ado, pero nunca pensamos que iba a ir a buscar el arreador para pegarle al paisanito, dice que estaba as\u00ed parado, vino el gringo con el arreador y lo cruz\u00f3 as\u00ed, de un arreadorazo, dice que el paisanito se hizo as\u00ed (se dobl\u00f3), claro le doli\u00f3 un mont\u00f3n y vino otra vez el gringo para pegarle otro arreadorazo, pero (el paisano) sac\u00f3 de ac\u00e1 y lo parti\u00f3 con el cuchillo, ten\u00eda un cuchillo as\u00ed (de grande) el paisanito, lo mat\u00f3 ah\u00ed, dice que cay\u00f3 boca abajo, y nosotros todos los peones ah\u00ed, y le dijo: - ahora segu\u00ed castigando, le dijo con el tipo boca abajo, y ya listo, segu\u00ed castigando, no s\u00e9 si te van a dejar entrar all\u00e1 arriba, se dio la vuelta y se fue, nosotros tratamos de buscar al rico, al mayor (al Encargado) para avisarle lo que hab\u00eda pasado, mi cu\u00f1ado dice que nunca me peg\u00f3 porque nosotros est\u00e1bamos a esa hora siempre listos, hab\u00eda que ver que esclavitud que era, porque era esclavitud, as\u00ed que mire, y ac\u00e1 la primera polic\u00eda que vino tambi\u00e9n...<\/span><\/p>\r\n<p class=\"title style-scope ytd-video-primary-info-renderer\"><yt-formatted-string force-default-style=\"\" class=\"style-scope ytd-video-primary-info-renderer\">Julio Barrientos, Memorias en el Nahuel Huapi - parte 1<\/yt-formatted-string><\/p>\r\n<iframe width=\"560\" height=\"315\" src=\"https:\/\/www.youtube.com\/embed\/v9qx4NxzYBU\" title=\"YouTube video player\" frameborder=\"0\" allow=\"accelerometer; autoplay; clipboard-write; encrypted-media; gyroscope; picture-in-picture\" allowfullscreen=\"allowfullscreen\"><\/iframe><br \/>\r\n<p class=\"title style-scope ytd-video-primary-info-renderer\"><yt-formatted-string force-default-style=\"\" class=\"style-scope ytd-video-primary-info-renderer\">Julio Barrientos, Memorias en el Nahuel Huapi - parte 2<\/yt-formatted-string><\/p>\r\n<iframe width=\"560\" height=\"315\" src=\"https:\/\/www.youtube.com\/embed\/uy3qaxgNwts\" title=\"YouTube video player\" frameborder=\"0\" allow=\"accelerometer; autoplay; clipboard-write; encrypted-media; gyroscope; picture-in-picture\" allowfullscreen=\"allowfullscreen\"><\/iframe><br \/><br \/><strong>Para mas informaci\u00f3n:<\/strong><br \/><br \/>https:\/\/www.diarioandino.com.ar\/noticias\/2020\/04\/12\/215565-historias-secretas-de-la-estancia-san-ramon-y-villa-la-angostura-en-la-decada-del-20.<br \/><br \/>https:\/\/www.elcordillerano.com.ar\/noticias\/2018\/09\/01\/70866-el-primer-avion-aterrizoen-estancia-san-ramonen-octubre-de-1921","sponsor":"","subtitle":"","accessinfo":"","lede":"","website":"","related_resources":[],"factoids":[],"files":{"https:\/\/archivosdelsur.ar\/files\/fullsize\/6f02334bfea915d452931bcae53795b1.jpg":{"id":531,"mime-type":"image\/jpeg","title":"Puesto Agr\u00edcola","thumbnail":"https:\/\/archivosdelsur.ar\/files\/square_thumbnails\/6f02334bfea915d452931bcae53795b1.jpg","description":"Libro Excursi\u00f3n a la patagonia y los Andes"},"https:\/\/archivosdelsur.ar\/files\/fullsize\/e2ea26ec8195dc0f3ae4aeb53b16740c.jpg":{"id":530,"mime-type":"image\/jpeg","title":"Estancia San Ramon","thumbnail":"https:\/\/archivosdelsur.ar\/files\/square_thumbnails\/e2ea26ec8195dc0f3ae4aeb53b16740c.jpg","description":"Libro Excursi\u00f3n a la patagonia y los Andes"},"https:\/\/archivosdelsur.ar\/files\/fullsize\/a4b9ec6acf6d30b0c0023df9bafd6bff.jpg":{"id":533,"mime-type":"image\/jpeg","title":"Campo Pastoril Bonzi","thumbnail":"https:\/\/archivosdelsur.ar\/files\/square_thumbnails\/a4b9ec6acf6d30b0c0023df9bafd6bff.jpg","description":"Libro Excursi\u00f3n a la patagonia y los Andes"}}}