{"id":251,"featured":1,"modified":"2023-08-08 12:17:31","latitude":-40.766332842257846,"longitude":-71.17186099290848,"title":"poblaci\u00f3n Fuentealba","address":"","thumbnail":"https:\/\/archivosdelsur.ar\/files\/square_thumbnails\/778485cfed8e09b915bedeb17954d197.jpg","creator":["Archivos del Sur"],"description":"El relato familiar de Juan Carlos Chandia nos cuenta de la llegada de don Lindor Zumelzu y do\u00f1a Isolina Gatica a Mallin Chileno y de ah\u00ed se trasladan a Cuyin Manzano donde compran los adelantos de la poblaci\u00f3n de Fuentealba que termina y\u00e9ndose para la zona de El Bols\u00f3n buscando nuevos horizontes que iba cerrando la futura creaci\u00f3n del Parque Nacional Nahuel Huapi<br \/>\r\n<br \/>\r\n...Era muy joven, mi abuelo ten\u00eda m\u00e1s de 20 a\u00f1os \u00b4porque hab\u00eda hecho el servicio militar que en aquella \u00e9poca se hac\u00eda  a los 20, mi abuela tendr\u00eda tres o cuatro a\u00f1os menos, llegaron a la Argentina y se afincaron en Mall\u00edn Chileno entre lo que hoy es sucesi\u00f3n Criado ah\u00ed cerca de la costa del Limay, la ruta pasaba por ah\u00ed, la ruta carrera....<br \/>\r\n<br \/>\r\n...Optaron por irse a Cuyin Manzano que hab\u00eda una poblaci\u00f3n  en la cual viv\u00eda un tal conoci\u00f3 al abuelo de Chile, ese hombre se estaba yendo para Bols\u00f3n (Se llamaba) Fuentealba y le dej\u00f3 los adelantos que ten\u00eda ah\u00ed y se los cambi\u00f3 por unas vacas, mi abuelo ten\u00eda bastantes caballos, vacas, bueyes, \u00e9l trabajaba con bueyes, y se tuvieron que mudar a Cuyin Manzano en un  carro.","sponsor":"","subtitle":"","accessinfo":"","lede":"La poblaci\u00f3n de Fuentealba pasa a manos de don Lindor Zumelzu a fines de los a\u00f1os 20. Estaba ubicada en la margen este del Cuyin Manzano. Unas alamedas y un cementerio atestiguan su paso por el Cuyin","website":"","related_resources":[],"factoids":[],"files":{"https:\/\/archivosdelsur.ar\/files\/fullsize\/778485cfed8e09b915bedeb17954d197.jpg":{"id":1069,"mime-type":"image\/jpeg","title":"Untitled","thumbnail":"https:\/\/archivosdelsur.ar\/files\/square_thumbnails\/778485cfed8e09b915bedeb17954d197.jpg"}}}