{"id":291,"featured":1,"modified":"2025-09-17 13:14:33","latitude":-40.498972167599774,"longitude":-71.5829365904574,"title":"HectorTulio Lagos.  Vivencias en Pichi Traful","address":"","thumbnail":"https:\/\/archivosdelsur.ar\/files\/square_thumbnails\/8be2e3dff83df038991c9e3c27acae14.jpg","creator":["Archivos del Sur"],"description":"<span dir=\"auto\" style=\"vertical-align: inherit;\"><span dir=\"auto\" style=\"vertical-align: inherit;\">Yo soy H\u00e9ctor Tulio Lagos. Nac\u00ed en el paraje de Pichi Traful en el a\u00f1o 1950. Soy hijo de Cecilia Paichil y de Arzobindo Lagos. A m\u00ed me crio mi abuela materna Mar\u00eda Andrea Calfupan y mi t\u00edo Jos\u00e9 \u00c1ngel Paichil. Mi crianza fue feliz en ese lugar con toda mi familia ya que nunca nos falt\u00f3 nada. Yo viv\u00ed 30 a\u00f1os en ese lugar, en esa \u00e9poca se cultivaba la tierra y se viv\u00eda de la ganader\u00eda. Ten\u00edamos bueyes que eran usados \u200b\u200bpara arar la tierra donde sembr\u00e1bamos. Nunca nos falt\u00f3 ni la verdura ni la carne, ya que ten\u00edamos chacra y huertas y animales vacunos donde ten\u00edamos un peque\u00f1o tambo donde le vend\u00edamos leche al hotel de Pichi Traful y al turismo, ya que mi abuela realizaba quesos y pan para la venta. Ten\u00edamos yeguarizos y unas poquitas ovejas. En esa \u00e9poca nos transport\u00e1bamos en carros con bueyes o a caballo y tambi\u00e9n ten\u00edamos un bote a remo. Yo desde que ten\u00eda 3 a\u00f1os aproximadamente mi t\u00edo Jos\u00e9 \u00c1ngel Paichil me sacaba a caballo al campo de tiro en una yegua mansita (tordilla). Yo puedo testificar que conozco todo el campo y sus alrededores. De muy chico llev\u00e1bamos en temporada de veranada en tropa el arreo hasta las veranadas que est\u00e1n en el Nivinco y cruzaba chica y en mes de mayo la tra\u00edamos a la invernada en el brazo Norte en esos a\u00f1os, nevaba bastante y no era tan f\u00e1cil andar por los campos. Mi abuelo habit\u00f3 este campo en aproximadamente 1899- 1900 Estuvo solo en este lugar, durante 14 a\u00f1os. Despu\u00e9s se junt\u00f3 con mi abuela y se afirmaron en ese lugar. De esa pareja nacieron 8 hijos: Luis (1919), Jos\u00e9 \u00c1ngel (1921), Daniel, Eleodoro, Cecilia (1930), Sara, Elcira y Aurora (1938) que es la \u00fanica que est\u00e1 viva. En 1949 se ahogaron 3 en el lago Traful, se salv\u00f3 mi abuela quien perdi\u00f3 toda su documentaci\u00f3n. Mi mam\u00e1 Cecilia, mi t\u00eda Aurora, quien manejaba el voto a motor era mi pap\u00e1 Arzobindo Lagos y quienes se ahogaron fueron Eleodoro, Elcira y Sara. Nunca m\u00e1s los encontraron. El otro hijo Daniel Paichil se ahog\u00f3 en el lago Correntoso quedando habitando el lugar junto a mi abuela y mi abuelo, y mis t\u00edos Luis, Jos\u00e9 \u00c1ngel, Aurora y Cecilia, mi madre. En el a\u00f1o 1950 (Parques Nacionales) por intermedio de una notificaci\u00f3n a mi t\u00edo que ten\u00eda que sacar los animales y solo dejar 15 aproximadamente. Mi t\u00edo hizo un pedido a Naci\u00f3n al presidente Per\u00f3n donde de esa vez hasta la fecha nunca m\u00e1s Parques nacionales nos molest\u00f3 por este tema. Dejo constancia del recibido que nos mand\u00f3 el presidente por uno de sus secretarios. De ese momento a la fecha mi familia Paichil vive tranquila en el paraje Pichi Traful. Quienes habitan esa poblaci\u00f3n son Aurora Paichil y Arnoldo Paichil con su familia que es mi hermano y N\u00e9stor Paichil que es mi primo. Por \u00faltimo yo actualmente vivo en San Mart\u00edn de los Andes junto a mi compa\u00f1era de vida Irma Miranda, mi hijo H\u00e9ctor y mi nieto Genaro Lagos <\/span><\/span><br \/><br \/><br \/><span dir=\"auto\" style=\"vertical-align: inherit;\"><span dir=\"auto\" style=\"vertical-align: inherit;\">Entrevista realizada en su casa de San Mart\u00edn de los Andes por Archivos del Sur a fines de la Pandemia - 2022<\/span><\/span><br \/><br \/>\r\n<p><span dir=\"auto\" style=\"vertical-align: inherit;\"><span dir=\"auto\" style=\"vertical-align: inherit;\">H\u00e9ctor Tulio Lagos - poblaci\u00f3n Froil\u00e1n Paichil - Pichi Traful<\/span><\/span><\/p>\r\n<p>Nac\u00ed en Pichi Traful, en la familia Paichil, mi madre era Cecilia Paichil, hija de Froilan Paichil y Mar\u00eda Andrea Calfupan. Me cri\u00e9 con ellos, soy hijo de Arzobindo Lagos que viv\u00eda en la Medialuna. Yo viv\u00ed toda mi vida en Pichi Traful. Pas\u00e9 mis d\u00edas felices. Mi tio Jos\u00e9 \u00c1ngel Paichil me crio y mi mam\u00e1 sali\u00f3 a trabajar igual que mis t\u00edas, y hab\u00eda un t\u00edo mayor que era el nacido en el a\u00f1o 1919. Se llamaba Luis Paichil y en 1921 naci\u00f3 Jos\u00e9 Angel Paichil, eran nietos de Jos\u00e9 Angel que ya vivia en Villa Traful, en el puesto donde viven los Calfueque. Jos\u00e9 \u00c1ngel Paichil era el pap\u00e1 de mi abuelo Froil\u00e1n.<\/p>\r\n<p>\u00bfCon qui\u00e9n estaba casado don Jos\u00e9 \u00c1ngel Paichil?<\/p>\r\n<p>La primera nuncia era casado en Chile con Margarita Huaito y despu\u00e9s se junt\u00f3 con la viejita Pafian, Mar\u00eda In\u00e9s Pafian. Ahi tuvieron una hija y un hijo. Jos\u00e9 Angel Paichil. Mi abuelo era hermano por parte de padre y despues ten\u00eda otras hermanas que eran hermanas leg\u00edtimas, eran de la familia Pafian.<\/p>\r\n<p>\u00bfEste primer Paichil que llega a Traful\u2026?<\/p>\r\n<p>Por la historia que me han conversado muchos me han dicho que \u00e9l vino de la provincia de Buenos Aires en los tiempos de la Expedici\u00f3n del Desierto cuando Roca invadi\u00f3 los territorios ind\u00edgenas y mucho tiempo ven\u00edan avanzando y llegaron hasta el Pa\u00eds de las Manzanas, que era Valent\u00edn Saihueque y cuando invadieron el territorio, empezaron a meterle fuerza y como le dijera, el genocidio, ah\u00ed se fueron a vivir a Chile. Dispararon para Chile, en ese tiempo la cordillera no hab\u00eda limites ni nada, ni Chile ni Argentina, estaban legitimados. Unos ven\u00edan de alla y otros de ac\u00e1 de la Argentina invadiendo (ej\u00e9rcito argentino y chileno invasi\u00f3n de ambos lados en un movimiento de pinzas), se fueron a vivir al lado de la Uni\u00f3n, Rio Bueno, por ahi. Despu\u00e9s al pasar la expedici\u00f3n volvieron a los lugares que conocian, esa es la historia de mis bisabuelos. El hablaba el mapuzungun, era de origen Tehuelche. Creo que med\u00eda 2 metros, era alto y se vest\u00eda como verdadero ind\u00edgena. El que sabia hablar castellano y no aprendi\u00f3 nunca (mapuzungun) era mi abuelo Froilan, ese vino legitimado de Chile, que era chileno, pero \u00e9l vino muy chico a la Argentina y se crio en Pichi. Era nacido m\u00e1s o menos en 1800 (fines de 1800). Porque mi abuela era nacida en 1886 -88. Hab\u00eda un documento que lo le\u00ed una vuelta.<\/p>\r\n<p>\u00bfLos Calfupan era oriundos del territorio de lo que hoy es Chile?<\/p>\r\n<p>Si, ellos se conocieron en Villa Traful, cuando mi abuela lleg\u00f3 ahi, se conocieron. Los Paichil ya viv\u00edan hace muchos a\u00f1os. El hijo de ella era Luis Paichil y habia nacido en 1919 nacido en Traful Norte.<\/p>\r\n<p>\u00bfC\u00f3mo fue que los Paichil que estaban en el centro de Traful terminan una rama de don Froil\u00e1n en Pichi Traful?<\/p>\r\n<p>\u00c9l pobl\u00f3 ah\u00ed y despu\u00e9s cuid\u00f3 animales que le pasaron\u00a0 los Taylor, en esa epoca, como era tan mallinoso devolvi\u00f3 los animales porque se morian mucho, era un bosque impenetrable que no entraba nadie, las vacas que se caian en los mallines quedaban sepultados en los menucos.<\/p>\r\n<p>\u00a0<\/p>\r\n<p>\u00bfQu\u00e9 sabe de los Taylor?<\/p>\r\n<p>Vivian alla en arroyo C\u00f3rdoba y (estancia) La Primavera, ten\u00edan estancias por todos lados, en Buenos Aires tambien. Mi abuelo trabaj\u00f3 tambien con los Newbery cuando llegaron ahi y mi abuelo tambien. Despu\u00e9s se vino a vivir a Traful Norte.<\/p>\r\n<p>\u00bfLos Taylor ten\u00edan muchos peones trabajando?<\/p>\r\n<p>Yo creo que si y muchisimos animales, ellos iban invadiendo los campos, solos se met\u00edan y listo, eran invasores.<\/p>\r\n<p>\u00a0Hubo un hecho de sangre en esa zona \u00bfno?<\/p>\r\n<p>Creo que sucedio en 1925 me contaba mi abuela, que mataron a los Matamala y Sambueza para los dias de navidad de 1924 -25.<\/p>\r\n<p>\u00bfPor qu\u00e9 ocurri\u00f3?<\/p>\r\n<p>\u00a1Ah! Eso no lo s\u00e9, porque ya los tenian que ellos estaban robando hacienda, Los Taylor que vivian en la Medialuna, y estaban los Pavon que vivian en Puerto Arrayan, eran familia me parece y estaba los Newbery que tenian propiedades por todos lados. Los Pavon vivian en unas casas viejas (a la derecha del rio en Puerto Arrayan), los derechos de poblaci\u00f3n se los vendieron a mi abuelo Polidoro Lagos que se fueron a vivir a la Medialuna. Hicieron la matanza en la veranada de Quintupuray para aca, en la entrada de Matus hay una cortada ah\u00ed, ah\u00ed estan sepultados esos viejitos que mataron, una vuelta estaba campeando con otro muchahcho y nos metimos en un \u00f1irantal, encontramos las cruces y unas casillas chiquitas, pero estaba muy tupido el monte, no se como dimos a dar con las cruces esas. Eran dos cruces y habian unas casitas toda de madera. Era tradici\u00f3n en esa epoca hacer esas casitas, con el tiempo se irian hundiendo, no s\u00e9, en el matorral.<\/p>\r\n<p>Despues de los asesinatos, \u00bfqu\u00e9 pas\u00f3 con \u00a0Taylor?<\/p>\r\n<p>Mi abuelo le dec\u00eda el pelado Taylor<\/p>\r\n<p>\u00bfC\u00f3mo ser\u00eda el car\u00e1cter de (Judson) Taylor?<\/p>\r\n<p>No se, me conversaba mi abuelo que el asesinato fue as\u00ed, los viejitos ten\u00edan pocos animales.<\/p>\r\n<p>\u00bfTen\u00edan familia Sambueza y Matamala?<\/p>\r\n<p>No, eran solos,\u00a0 eran mayores pero no tan viejos, ellos criaban animales por ah\u00ed, en esa parte.<\/p>\r\n<p>Y \u00bfqu\u00e9 pas\u00f3 despu\u00e9s?<\/p>\r\n<p>Fueron denunciados y ahi vino el decaimiento de los Taylor que vendieron todo y se fueron, los denunciaron , creo que la familia de los asesinados estaba en Chile, eran chilenos, hicieron juicio y tuvieron que pagar el da\u00f1o que hab\u00edan hecho. Quedo abandonada esa poblaci\u00f3n y los Lagos le compraron los derechos de poblaci\u00f3n a los Taylor.<\/p>\r\n<p>\u00bfC\u00f3mo llega don Polidoro Lagos y Victorina Diaz a la Medialuna?<\/p>\r\n<p>Esa historia no la conozco muy bien pero me dec\u00edan\u00a0 que ven\u00edan de Meliquina y eran chilenos. Despu\u00e9s se fueron a arroyo Cordoba hasta que llegaron a la Medialuna. Hab\u00eda un chalet que se quem\u00f3 despu\u00e9s, mi abuelo conocia a todos los pobladores que viv\u00edan ahi, ya estaba desde 1914.<\/p>\r\n<p>\u00bfEn aquellas \u00e9pocas viv\u00eda m\u00e1s gente que despu\u00e9s \u00a0se tuvo que ir?<\/p>\r\n<p>No hab\u00eda mucha gente, iban llegando si, el mayor poblamiento fue en 1910 para adelante, asi iban poblando.<\/p>\r\n<p>\u00bfQu\u00e9 recuerdos tiene de la poblaci\u00f3n Lagos en la Medialuna?<\/p>\r\n<p>Yo conoc\u00ed a mi abuelo Polidoro y la viejita Victorina, ellos tenian carniceria, repartian carne para San Martin y para los hoteles en Villa La Angostura hasta Bariloche llevaban la carne con una Ford A antigua, era colorada\u00a0 y tenian un camion verde de 1925 que surtian a Villa Traful. En los ultimos a\u00f1os, toda la semana vendian reses a los ricachones que viv\u00edan all\u00ed, estaban los Osman de origen aleman, los Ketlebon, eran todos conocidos, ellos ven\u00edan en el verano, los Marti y alguno eran mas pudientes y otros menos estaban los Gulban donde estaba el hotel de Traful, el se manejaba haciendo trabajos todo el a\u00f1o. Tambien estaba los Calfueque, los Livio, los Painepe, los Guzman, los Gatica. La familia Guzman vivia donde estaba la escuela ahi los sacaron y les dieron donde esta Ra\u00fal Guzm\u00e1n hoy en la Puntilla. Mucha poblacion mapuche y alguno de origen espa\u00f1ol, alem\u00e1n, tambi\u00e9n se misturaron mucho. Los tehuelche m\u00e1s era mi bisabuelo.<\/p>\r\n<p>\u00a0<\/p>\r\n<p>Contanos de don Froilan Paichil?<\/p>\r\n<p>\u00a0El entr\u00f3 al Pichi Traful en 1900 en esa epoca, ten\u00eda poquitos animales, pobl\u00f3 primeramente donde est\u00e1 el hotel Pichi Traful donde usted ve una limpia hacia abajo, esa era una poblacion de mi abuelo, ahi estuvo varios a\u00f1os solo.Donde esta el hotel era un cuadro donde sembraba y mas all\u00e1 para el rio hay una pampa, ahi estaba la poblaci\u00f3n antigua que se llama Puesto Viejo.<\/p>\r\n<p>\u00bfHay alguna se\u00f1al de la poblaci\u00f3n original?<\/p>\r\n<p>No, no hay nada, cuando entr\u00f3 el hotel barrieron hasta los cercos, se nota si donde estaban los corrales, para adentro se notan los corrales palo a pique, ahi nacio...las casas las echaron abajo y se cambiaron para abajo, cerca del lago para 1920, donde viven ahora. Ahi nacieron el resto de la familia, mi mam\u00e1. Mi tio Luis nacio donde estaba el Puesto Viejo junto a sus hermanos, eran 4 hermanos seguidos, todos menores. La mayor era Cecilia, Aurora que todav\u00eda vive, Sara y Elcira.<\/p>\r\n<p>Despues hubo una tragedia en el lago Traful donde caeron al agua, mam\u00e1 se salv\u00f3, tambi\u00e9n mi abuela y la t\u00eda Aurora, mi pap\u00e1 que manejaba el bote a motor (Arzobindo) se salv\u00f3 tambien. Hab\u00edan terminado las clases y cuando hicieron el traslado desde la Villa (Traful) al brazo norte, se les dio vuelta el bote a motor, estaba muy levantado el lago, eso fue el 4 de julio \u00a0de 1949.<\/p>\r\n<p>\u00bfQui\u00e9nes mueren de la familia?<\/p>\r\n<p>Un t\u00edo Eleodoro, y una t\u00eda llamada Sara y otro que se llamaba...Elcira. Los otros se salvaron, los mayores el finado Jos\u00e9 Angel y mi tio Enrique estaban en el campo.<\/p>\r\n<p>\u00bfC\u00f3mo se salvaron?<\/p>\r\n<p>Se pescaron del bote y mi mam\u00e1 se salvo arriba de una bolsa de harina, mi pap\u00e1 no le afloj\u00f3 y los agarraba. El otro t\u00edo tuvo un tragico accidente en lago Correntoso con otra gente, se ahogaron varios. Eso creo que fue antes, no estoy seguro. Ya en el a\u00f1o 50 nac\u00ed yo, viv\u00ed como 30 a\u00f1os con mi t\u00edo en Pichi Traful.<\/p>\r\n<p>\u00bfC\u00f3mo era la casa?<\/p>\r\n<p>La casa era de madera cruzada que la desarmaron toda, era muy vieja, ten\u00eda techo de tejuela, unas ventanillas chiquitas, y tenia unos agregados arriba, cocina y piezas. El piso era de madera. La casa la hizo Froil\u00e1n, tambien habia otras casas mas, toda hecha de madera bruta y los galpones eran de palo a pique.<\/p>\r\n<p>\u00bfC\u00f3mo fue en epocas de Tierras y Colonias? \u00bfHab\u00eda inspectores que recorrian las poblaciones?<\/p>\r\n<p>Habia unos inspectores creo que en 1910 y 1914 asi varios a\u00f1os pasaba un inspector, pero no se como seria, el abuelo iba a Pilcaniyeu viejo a pagar el pastaje y despues lo trasladaron a la colonia Nahuel Huapi, creo que en la naciente del Limay (Puerto Americano). En esa epoca existia la Ley del Hogar y despu\u00e9s la sacaron.<\/p>\r\n<p>Claro despu\u00e9s llega Parques con una nueva ley<\/p>\r\n<p>Dicen\u00a0 que hasta 1922 - 23 estaba programado el Parque Nacional del Sud, pero segu\u00eda siendo Tierras y Colonias. En 1934 termina todo el sistema de bienestar que ten\u00eda la gente, cuando lleg\u00f3 Parques con su politica, pero directamente a nosotros casi no nos molesto mucho Parques, en 1950 (aproximadamente) si , hubo una embestida para que saque los animales que ten\u00eda de mas, de 30 animales tenian que dejar 15 animales, e ir sacando el resto y dejar unos poquitos, ahi fue donde hicimos una nota, mi t\u00edo y abuelo al presidente Juan Domingo Per\u00f3n, en realidad es una carta de recibido, eran dos cartas y despues les mando a decir que vivieran tranquilos nom\u00e1s, de esa vuelta no molestaron mas, era el tema de los animales en cambio a los otros les llegaban por el desalojo.<\/p>\r\n<p>\u00bfC\u00f3mo eran los vecinos del Brazo Norte?<\/p>\r\n<p>Recuerdo de ultimos que quedaba como ser Ambrosio Menco pero a los viejitos Inalef no los conoc\u00ed, tambien a Reinaldo Menco eran buenas personas, no ten\u00edamos dificultad con los vecinos.<\/p>\r\n<p>\u00a0<\/p>\r\n<p>\u00bfHab\u00eda un puerto en Pichi Traful?<\/p>\r\n<p>Cuando se fund\u00f3 Parques se hizo un muelle y un puente porque el rio antes pasaba dando vueltas, no iba por la derecha como ahora, habia un puerto que ven\u00eda una lancha de Traful con turistas cuando se abrio el Hotel Pichi Traful, habia un semejante muelle de palos parados.<\/p>\r\n<p>\u00bfLa lancha era propiedad del Hotel?<\/p>\r\n<p>No se de quien seria esa lancha grande, que hacia el trasbordo de Villa Traful a Pichi Traful y de ahi al hotel, los iban a buscar en una rural verde, iban al hotel, comian algo, tomaban el te y se iban de vuelta otra vez, yo era chico.<\/p>\r\n<p>\u00bfQui\u00e9n era el propietario del hotel?<\/p>\r\n<p>Era Antonio Husich (\u00bf?) y Basso hicieron el camino de los Siete Lagos y los puentes porque antes solo hab\u00eda un camino de a caballo, no hab\u00eda camino carretero. Abrieron de San Martin al Portezuelo, fue en epocas de Parques y habia un aserradero, de la casa de nosotros tirando para lago escondido, abajo habia un aserradero, de ahi sacaron la madera para los puentes y para el hotel tambi\u00e9n, todav\u00eda hay cipreses que se ven cortados en el bosque, por todos lados sacaron.<\/p>\r\n<p>\u00bfEra un aserradero de gente de San Martin de los Andes?<\/p>\r\n<p>No, de los mismos que hicieron el hotel...<\/p>\r\n<p>\u00bfC\u00f3mo era el hotel?<\/p>\r\n<p>Lo que vemos hoy esta medio reconstruido, era de la misma forma pero ahora lo han pintado oscuro, ahora es Palabra de Vida. Cuando hicieron el hotel, trabaj\u00f3 un tal Sanchez, me acuerdo que mi abuela iba a trabajar de costurera y lavandera. No se que pas\u00f3 con Sanchez que no vino mas, en ese tiempo se hacian los viajes con la lancha, despues el hotel estuvo muchos a\u00f1os abandonado, qued\u00f3 un chileno Vargas cuidando, despues estuvo Domingo Calfueque y despues estuvo un tio mio que termin\u00f3 con Palabras de Vida, despu\u00e9s lo arrendo Koolman (\u00bf?), un alem\u00e1n de Lago Hermoso, arrend\u00f3 en Villarino y el hotel de Pichi...mi tio Jos\u00e9 Angel entregaba todos los dias la leche al hotel y tambien le hac\u00edamos la le\u00f1a, alquil\u00e1bamos algunos caballitos.<\/p>\r\n<p>La calefacci\u00f3n era a le\u00f1a y usaba varios metros, antiguamente del aserradero sacaba la electricidad el hotel, hab\u00eda una usina...despu\u00e9s pusieron motores, hab\u00eda una caba\u00f1a mas grande en los \u00b480 que se quem\u00f3 una parte del hotel, despues compr\u00f3 en el \u00b480 la fundaci\u00f3n Simmons, ellos vivian en Villa Traful, yo trabaj\u00e9 de pintor, de muchas cosas, arreglando los techos podridos y asi trabaj\u00f3 un par de a\u00f1os y lo vendieron a Palabra de Vida.<\/p>\r\n<p>\u00bfC\u00f3mo era la producci\u00f3n de alimentos en aquella epoca?<\/p>\r\n<p>Se sembraba verduras, hac\u00eda quinta mi abuela, mi tio tenia cuadros para forrajes, un poco de trigo centeno que se usaba mucho, despues lo molian y hac\u00edan muchas cosas. La harina se compraba, iban de carguero a Lago Hermoso o de Villa Traful se traia en bote, en esa epoca andaban veh\u00edculos, mucho se tra\u00eda de Traful.<\/p>\r\n<p>En Lago Hermoso \u00bfd\u00f3nde?<\/p>\r\n<p>Hab\u00eda un almac\u00e9n de Koolman(\u00bf?) el mismo que arrend\u00f3 el hotel de Pichi Traful, despu\u00e9s este hombre paso por Villarino (hoster\u00eda) y despu\u00e9s compr\u00f3 en Bariloche un hotel y se qued\u00f3 all\u00e1. Era un administrador en Lago Hermoso, la estancia era algo del gobierno provincial... vivian en El Chivo en Lago Hermoso para el fondo, ahi tenian los chaleses, ese le vendi\u00f3 a Vogel, que era un alem\u00e1n, era como Turner, ten\u00eda millones de dolares, compraron Lago Hermoso, Machonico, Parque Diana, estancia Meliquina y Chacabuco y queria comprar mas, dur\u00f3 muy poco, ya no se sinti\u00f3 m\u00e1s nada.<\/p>\r\n<p>La seccional de Pichi Traful fue fundada en la dictadura de Onga\u00f1ia en 1968, habia otra seccional en lago Falkner, antes habia guardaparques en una casita donde vivia mi pap\u00e1 y se la pas\u00f3 a unos guardaparques antes de la seccional esa, estaba un tal Chamorro, Flores, estaban al lado de nosotros, de ahi sal\u00edan a recorrer a caballo, eran peones de vigilancia.<\/p>\r\n<p>\u00bfQuienes trabajaban como camineros?<\/p>\r\n<p>El Puesto caminero hab\u00eda uno de Quintupuray para ac\u00e1, justo donde mataron a los finados Sambuesa y Matamala, ah\u00ed hab\u00eda un puesto caminero, y el otro estaba en Lago Hermoso. Estaba un Gatica, Chamorro, Guzm\u00e1n y un tiempo, mi t\u00edo Jos\u00e9 \u00c1ngel Paichil. Por primera vez tuvieron un sueldito, con la cria de animales... ese tio mayor trabaj\u00f3 con el Ingeniero Guiermako \u00a0o Guermako (\u00bf?) para ver los l\u00edmites de Parques Nacionales y ponerle nombre a los arroyos, vinieron varios ingenieros antes estuvo Bailey Willis, pero no lo se. El tio trabaj\u00f3 con \u00e9l, hacian agrimensuras, empezaron en el Manso, marcaban los l\u00edmites de Parques Nacionales en ese tiempo era de Obras P\u00fablicas, arreglaban los caminos, ten\u00edan maquinas niveladoras.<\/p>\r\n<p>\u00bfC\u00f3mo vend\u00edan los animales en esa epoca?<\/p>\r\n<p>Se canjeaba por mercaderia con los mercaderes, iban a San Martin, hab\u00eda varios negocios, estaba Kreiman con su Ramos Generales, le vend\u00edan las cerdas y los cueros, ahora esta el casino, despues en Traful estaba Vazquez, Mu\u00f1oz, y los Creide en La Lipela, Barbagelata en Villa La Angostura, tambien ven\u00eda un tal Merino de Cerro Alto con un camion a vender mercaderia, se compraba de todo un poco. Se canjeaba, en ese tiempo ten\u00eda un buen valor la cerda, tambien los cueros de oveja, chivo, mi abuelo cuando vivi\u00f3 en el hotel de Pichi, en esa epoca ten\u00eda chivos, no vacunos, despues se cansaron porque los chivos caminaban mucho, se iban por los ventisqueros, algunos no volv\u00edan, despues al entrar Parques eliminaron los chivos, ah\u00ed tuvieron vacunos y yeguarizos.<\/p>\r\n<p>\u00a0<\/p>\r\n<p>\u00bfSe notaba cuando hab\u00eda dictaduras militares en Pichi? \u00bfHab\u00eda una relaci\u00f3n diferente con Parques?<\/p>\r\n<p>Era por ah\u00ed diferente pero a nosotros no nos hizo nada la dictadura, en la de Onga\u00f1ia hab\u00edan desalojos por todos lados, pero a nosotros nada.Hab\u00eda un abogado Benedetti de Buenos Aires y nos decia que queria sacar a todos los pobladores que se consideraban intrusos, los querian sacar, eso fue en 1966 o \u00b467, despues la otra dictadura no nos molest\u00f3 para nada, yo ya me hab\u00eda salido a trabajar a Bariloche y en el Messidor trabaj\u00e9 de jardinero, tambien estuve en la Comisi\u00f3n de Fomento de Traful, se ganaba algunos pesos porque de los animales no se puede vivir, eramos muchos y tuvimos que salir a trabajar. Tambien en Bariloche trabaj\u00e9 mucho tiempo en obras, hoy tengo un trabajo fijo en el Municipio de San martin de los Andes, voy a cumplir 30 a\u00f1os. Aca trabajo en espacios verdes en la plaza central.<\/p>\r\n<p>\u00bfContanos de tu mam\u00e1?<\/p>\r\n<p>Trabaj\u00f3 con un teniente en el 4 de Caballeria y despues la llev\u00f3 a Buenos Aires a Campo de Mayo, Salta, pas\u00f3 muchos a\u00f1os, ahora ultimo se vino para San Martin y muri\u00f3 ac\u00e1. Mi tia Aurora trabaj\u00f3 por la estancia Alicura, todos sal\u00edan a trabajar, al entrar Parques y comenz\u00f3 que hab\u00eda que disminuir los animales. Ese fue el destino que llev\u00f3 a la gente a irse de un lado a otro, algunos volvieron y otros no, yo ya estoy asentado en la Vega.<\/p>\r\n<p>\u00a0<\/p>\r\n<p>...<\/p>\r\n<p>- historia<\/p>\r\n<p>barrio Las Rosas<\/p>\r\n<p>\u00a0<\/p>\r\n<p>\u00bfHab\u00eda m\u00fasicos en la familia?<\/p>\r\n<p><span dir=\"auto\" style=\"vertical-align: inherit;\"><span dir=\"auto\" style=\"vertical-align: inherit;\">Si pero aficionados, tocaban el acorde\u00f3n y la guitarra, yo he sido amante de la m\u00fasica ahora me he olvidado, los versos los aprend\u00eda de Evaristo Barrios, el gaucho y del Mart\u00edn Fierro.<\/span><\/span><\/p>\r\n<p><span dir=\"auto\" style=\"vertical-align: inherit;\"><span dir=\"auto\" style=\"vertical-align: inherit;\">\u00bfConociste algun musico dentro de los pobladores?<\/span><\/span><\/p>\r\n<p><span dir=\"auto\" style=\"vertical-align: inherit;\"><span dir=\"auto\" style=\"vertical-align: inherit;\">El que tocaba muy bien el acorde\u00f3n era Bernardo Calfueque, tocaba el acorde\u00f3n a piano y sacaba lo que le pedian, hab\u00eda otros aprendices como Segundo Menco guitarrero.<\/span><\/span><\/p>\r\n<p><span dir=\"auto\" style=\"vertical-align: inherit;\"><span dir=\"auto\" style=\"vertical-align: inherit;\">\u00bfSe conservaban las costumbres mapuche de los abuelos?<\/span><\/span><\/p>\r\n<p><span dir=\"auto\" style=\"vertical-align: inherit;\"><span dir=\"auto\" style=\"vertical-align: inherit;\">Mi abuela sabia un poco de mapuzungun, algunas palabras, el resto se cri\u00f3 con la lengua espa\u00f1ola. Mis bisabuelo si, no comprendian lo que era la lengua espa\u00f1ola. Era todo ordenado en la huerta, me ense\u00f1aron que ten\u00eda que cuidar el medio ambiente, no destrozar nada, no matar nada, ni las moscas porque todo depende la naturaleza ni menos los bosques, en esa parte hab\u00eda muchos michayales, por cantidad de pajaritos que anidaban Para la quinta se cultivaba or\u00e9gano y florales, amapolas alemanas y otras con flores amarillas y lirios.<\/span><\/span><\/p>\r\n<p><span dir=\"auto\" style=\"vertical-align: inherit;\"><span dir=\"auto\" style=\"vertical-align: inherit;\">La zona del Portezuelo en los planos del ej\u00e9rcito en el \u00b440 se le nombra como Valle de los Machis<\/span><\/span><\/p>\r\n<p><span dir=\"auto\" style=\"vertical-align: inherit;\"><span dir=\"auto\" style=\"vertical-align: inherit;\">Ahi existian segun la historia machis en ese valle en la zona de Puerto Array\u00e1n y el arroyo Machi co hab\u00eda tribus originarias, antes de la llegada del ejercito. Tambi\u00e9n el r\u00edo Pichi Traful no se llamaba as\u00ed, el lugar se llamaba Traful Chico y el r\u00edo epu mari.<\/span><\/span><\/p>\r\n<p><span dir=\"auto\" style=\"vertical-align: inherit;\"><span dir=\"auto\" style=\"vertical-align: inherit;\">Estos nuevos nombres los pusieron Parques con sus estudios y as\u00ed muchos arroyos que ten\u00edan nombres ind\u00edgenas le cambiaron el nombre.<\/span><\/span><\/p>\r\n<p><span dir=\"auto\" style=\"vertical-align: inherit;\"><span dir=\"auto\" style=\"vertical-align: inherit;\">\u00bfC\u00f3mo fue la relaci\u00f3n con los Pafian?<\/span><\/span><\/p>\r\n<p><span dir=\"auto\" style=\"vertical-align: inherit;\"><span dir=\"auto\" style=\"vertical-align: inherit;\">Muy buena, ah\u00ed estaba la hermana de mi abuelo que se llamaba Rosa Paichil y el marido se llamaba Domingo Pafian, y tuvieron una tragedia con los hijos, murieron con una enfermedad, Est\u00e1n enterrados en el cementerio de VillaTraful, ah\u00ed tambi\u00e9n est\u00e1 sepultado mi abuelo Froilan, era una casa, eran dos casas en el fondo del cementerio frente al lago, ah\u00ed est\u00e1 mi abuelo y al lado la viejita Pafian, todos los Pafianes fueron sepultados ah\u00ed. El hijo mayor era Avelino Pafi\u00e1n.<\/span><\/span><\/p>\r\n<p><span dir=\"auto\" style=\"vertical-align: inherit;\"><span dir=\"auto\" style=\"vertical-align: inherit;\">\u00bfC\u00f3mo era la ceremonia cuando falleci\u00e1 alguien importante?<\/span><\/span><\/p>\r\n<p><span dir=\"auto\" style=\"vertical-align: inherit;\"><span dir=\"auto\" style=\"vertical-align: inherit;\">No lo alcance a ver bien, si se le hacia un homenaje, lo despedian y le decian que le vaya bien en su viaje y al verdadero mapuche lo sepultaban con un cuero de vaca.<\/span><\/span><\/p>\r\n<p><span dir=\"auto\" style=\"vertical-align: inherit;\"><span dir=\"auto\" style=\"vertical-align: inherit;\">Los Calfueque eran entenados de los Paichil Livio, eran hijos de la esposa y se agregan al padre nuevo que tienen.<\/span><\/span><\/p>\r\n<p><span dir=\"auto\" style=\"vertical-align: inherit;\"><span dir=\"auto\" style=\"vertical-align: inherit;\">\u00bfEncontraban de los antiguos arte o dibujos?<\/span><\/span><\/p>\r\n<p><span dir=\"auto\" style=\"vertical-align: inherit;\"><span dir=\"auto\" style=\"vertical-align: inherit;\">En la Puntilla encontr\u00e9 un mont\u00f3n de chaquiras y en Pichi entre Pafian y Paichil en el cerro encontramos cantaritos de greda, estaban vac\u00edas las vasijas, toda la costa norte estaba las pinturas rupestres (Las Mellizas) y para aca arriba se ve que habitaban los pueblos originarios.<\/span><\/span><\/p>\r\n<p><span dir=\"auto\" style=\"vertical-align: inherit;\"><span dir=\"auto\" style=\"vertical-align: inherit;\">En la Medialuna me han conversado que hay pinturas rupestres.<\/span><\/span><\/p>\r\n<p><span dir=\"auto\" style=\"vertical-align: inherit;\"><span dir=\"auto\" style=\"vertical-align: inherit;\">\u00bfCu\u00e1ndo mol\u00edan el trigo? \u00bfC\u00f3mo lo hac\u00edan?<\/span><\/span><\/p>\r\n<p><span dir=\"auto\" style=\"vertical-align: inherit;\"><span dir=\"auto\" style=\"vertical-align: inherit;\">Con una piedra media plana y un manito donde se mol\u00eda, al trigo primero lo tostaban, en el fog\u00f3n en una lata u olla de fierro y hac\u00edan el \u00f1aco y el catuto de trigo.<\/span><\/span><\/p>","sponsor":"","subtitle":"Poblaci\u00f3n Froil\u00e1n Paichil y Mar\u00eda Andrea Calfupan","accessinfo":"","lede":"Entrevistamos a don Tulio Lagos en su casa de San Martin de los Andes a fines de la Pandemia 2022. Presentamos a continuaci\u00f3n en primer t\u00e9rmino sus memorias sobre Pichi Traful y en segundo lugar la entrevista completa realizada por Archivos del Sur.","website":"","related_resources":[],"factoids":[],"files":{"https:\/\/archivosdelsur.ar\/files\/fullsize\/8be2e3dff83df038991c9e3c27acae14.jpg":{"id":1318,"mime-type":"image\/jpeg","title":"Tulio Lagos con su mam\u00e1, do\u00f1a Cecilia Lagos","thumbnail":"https:\/\/archivosdelsur.ar\/files\/square_thumbnails\/8be2e3dff83df038991c9e3c27acae14.jpg","description":"En la poblaci\u00f3n Pichi Traful | colecci\u00f3n Tulio Lagos | Archivos del Sur"},"https:\/\/archivosdelsur.ar\/files\/fullsize\/4b0b3bc0afeaad1f284e2787331c0b1d.jpg":{"id":1319,"mime-type":"image\/jpeg","title":"Untitled","thumbnail":"https:\/\/archivosdelsur.ar\/files\/square_thumbnails\/4b0b3bc0afeaad1f284e2787331c0b1d.jpg"},"https:\/\/archivosdelsur.ar\/files\/fullsize\/b428b5ed73222c7dfdaea969df1bb3ed.jpg":{"id":1320,"mime-type":"image\/jpeg","title":"Tulio Lagos en Pichi Traful","thumbnail":"https:\/\/archivosdelsur.ar\/files\/square_thumbnails\/b428b5ed73222c7dfdaea969df1bb3ed.jpg","description":"colecci\u00f3n Tulio Lagos | Archivos del Sur"},"https:\/\/archivosdelsur.ar\/files\/fullsize\/350e7fa49ce87e5b787505bc0a23a3e8.jpg":{"id":1321,"mime-type":"image\/jpeg","title":"Juntando el ganado en la poblaci\u00f3n Froilan Paichil","thumbnail":"https:\/\/archivosdelsur.ar\/files\/square_thumbnails\/350e7fa49ce87e5b787505bc0a23a3e8.jpg","description":"colecci\u00f3n Tulio Lagos | Archivos del Sur"},"https:\/\/archivosdelsur.ar\/files\/fullsize\/9c19a1d09a9d283ddd474ad0c4de66ad.jpg":{"id":1322,"mime-type":"image\/jpeg","title":"Tulio Lagos","thumbnail":"https:\/\/archivosdelsur.ar\/files\/square_thumbnails\/9c19a1d09a9d283ddd474ad0c4de66ad.jpg","description":"colecci\u00f3n Tulio Lagos | Archivos del Sur"}}}