{"id":54,"featured":0,"modified":"2022-05-05 21:38:37","latitude":-40.75026900020706,"longitude":-71.16326451301575,"title":"Estancia 7 Condores (Ex Estancia Creide)","address":"","thumbnail":"https:\/\/archivosdelsur.ar\/files\/square_thumbnails\/e8d8d1fe2fa0f13d197ba357f21e3f52.jpg","creator":["Archivos del Sur"],"description":"<h2>Originalmente era la estancia de Sim\u00f3n Creide. Luego pas\u00f3 a manos del franc\u00e9s Gerard Le Roux y por \u00faltimo a la familia Bemberg.<br \/>En \u00e9pocas de Le Roux se realizaron una de las fiestas h\u00edpicas mas importantes de la regi\u00f3n.<br \/><br \/><br \/><\/h2>","sponsor":"","subtitle":"","accessinfo":"","lede":"","website":"","related_resources":[],"factoids":[],"files":{"https:\/\/archivosdelsur.ar\/files\/fullsize\/e8d8d1fe2fa0f13d197ba357f21e3f52.jpg":{"id":916,"mime-type":"image\/jpeg","title":"Fiesta Siete Condores","thumbnail":"https:\/\/archivosdelsur.ar\/files\/square_thumbnails\/e8d8d1fe2fa0f13d197ba357f21e3f52.jpg","description":"Pablo Riquelme"},"https:\/\/archivosdelsur.ar\/files\/fullsize\/76a429b700132105af16719d07bab7db.jpg":{"id":911,"mime-type":"image\/jpeg","title":"Untitled","thumbnail":"https:\/\/archivosdelsur.ar\/files\/square_thumbnails\/76a429b700132105af16719d07bab7db.jpg"},"https:\/\/archivosdelsur.ar\/files\/fullsize\/a1134a011bd195b91e98847defbde8b3.jpg":{"id":912,"mime-type":"image\/jpeg","title":"Fiesta Siete Condores","thumbnail":"https:\/\/archivosdelsur.ar\/files\/square_thumbnails\/a1134a011bd195b91e98847defbde8b3.jpg","description":"Pablo Riquelme"},"https:\/\/archivosdelsur.ar\/files\/fullsize\/31c74ba5367ab8cfb708cf7fda9fd754.jpg":{"id":914,"mime-type":"image\/jpeg","title":"Fiesta Siete Condores","thumbnail":"https:\/\/archivosdelsur.ar\/files\/square_thumbnails\/31c74ba5367ab8cfb708cf7fda9fd754.jpg","description":"Pablo Riquelme"},"https:\/\/archivosdelsur.ar\/files\/fullsize\/61a05baf7bda25405f38fa44d30718da.jpg":{"id":915,"mime-type":"image\/jpeg","title":"Fiesta Siete Condores","thumbnail":"https:\/\/archivosdelsur.ar\/files\/square_thumbnails\/61a05baf7bda25405f38fa44d30718da.jpg","description":"Pablo Riquelme"},"https:\/\/archivosdelsur.ar\/files\/fullsize\/96931c0b8b9a79ff0d4b1c598b9b8a0d.jpg":{"id":917,"mime-type":"image\/jpeg","title":"Fiesta Siete Condores","thumbnail":"https:\/\/archivosdelsur.ar\/files\/square_thumbnails\/96931c0b8b9a79ff0d4b1c598b9b8a0d.jpg","description":"Pablo Riquelme"}}}