{"id":56,"featured":0,"modified":"2023-07-27 13:42:32","latitude":-40.75699844297536,"longitude":-71.16848945617676,"title":"Poblaci\u00f3n Jos\u00e9 Damas","address":"","thumbnail":"https:\/\/archivosdelsur.ar\/files\/square_thumbnails\/b305ea3398ade3614d64adc46343abab.jpg","creator":["Archivos del Sur"],"description":"<p>Cuando se hizo el censo de Parques Nacionales en 1965, la poblaci\u00f3n estaba en sucesi\u00f3n por fallecimiento de su titular y estaba a cargo de su esposa Adelina \u201cTila\u201d Cornelio, por lo cual se le hace el censo a ella. <br \/>Sus padres hab\u00edan sido Gabriel Asenjo y Manuela Cornelio, hab\u00eda nacido en La Lipela, Neuqu\u00e9n, el 14 de agosto de 1909. <br \/>Los hijos del matrimonio Damas Cornelio fueron: Jos\u00e9 Arnoldo 39, Ofelia 37, Leopoldo 36, Audolia 28, Idalina 27, Samuel 26, Leonor 23, Manuel 22, Hortensia 21, Daniel 18 y Eusebio 12. Todos argentinos. <br \/><br \/>En 1965 viv\u00edan en la poblaci\u00f3n Leopoldo Manuel y Eusebio. Do\u00f1a Tila trabajaba en quehaceres dom\u00e9sticos y crianza de animales junto a sus hijos. <br \/><br \/>El PPOP obtenido por Jos\u00e9 Damas era el n\u00b0 86, extendido por la Direcci\u00f3n de Parques Nacionales extendido el 9 de octubre de 1939.<br \/><br \/>La casa era de 7x8,50 metros, compuesta de una cocina y dos dormitorios, paredes de adobe, techo chapa cart\u00f3n, pisos de tierra, en la cocina cemento alisado. Una casilla de madera de 6x3 paredes de madera, pisos de tierra y techo chapa cart\u00f3n. Las instalaciones en regular estado. <br \/>Cerco perimetral construido con alambre liso con ramas y 300 metros de longitud. Los animales eran propiedad de Do\u00f1a Tila: 120 lanares, 32 cabr\u00edos y 6 yeguarizos. Con boleto de marca y se\u00f1al. <br \/>Como todo Cuyin Manzano se observa erosi\u00f3n intensa por pisoteo de los animales <br \/>Media hect\u00e1rea de hortalizas varias, 7 manzanos, 5 ciruelos, 12 guindos.<br \/><br \/><strong>MATERIAL AUDIOVISUAL:<\/strong><\/p>\r\n<yt-formatted-string class=\"style-scope ytd-video-renderer\" aria-label=\"Adelina Tila Cornelio, Memorias de Cuyin Manzano de Archivos Del Sur hace 3 a\u00f1os 6 minutos y 11 segundos 521 visualizaciones\">Adelina Tila Cornelio - parte 1<\/yt-formatted-string><br \/><iframe width=\"560\" height=\"315\" src=\"https:\/\/www.youtube.com\/embed\/UQESZN95mn4\" title=\"YouTube video player\" frameborder=\"0\" allow=\"accelerometer; autoplay; clipboard-write; encrypted-media; gyroscope; picture-in-picture\" allowfullscreen=\"allowfullscreen\"><\/iframe><br \/><br \/>Adelina Tila Cornelio - parte 2 <iframe width=\"560\" height=\"315\" src=\"https:\/\/www.youtube.com\/embed\/wnJFBU9AAVU\" title=\"YouTube video player\" frameborder=\"0\" allow=\"accelerometer; autoplay; clipboard-write; encrypted-media; gyroscope; picture-in-picture\" allowfullscreen=\"allowfullscreen\"><\/iframe><br \/><br \/>Adelina Tila Cornelio - parte 3\u00a0 <iframe width=\"560\" height=\"315\" src=\"https:\/\/www.youtube.com\/embed\/NRHQln6RztM\" title=\"YouTube video player\" frameborder=\"0\" allow=\"accelerometer; autoplay; clipboard-write; encrypted-media; gyroscope; picture-in-picture\" allowfullscreen=\"allowfullscreen\"><\/iframe><br \/><br \/><span>Adolfo Polo Damas: Abriendo caminos. <\/span> <iframe width=\"560\" height=\"315\" src=\"https:\/\/www.youtube.com\/embed\/laJqc7lbQhE\" title=\"YouTube video player\" frameborder=\"0\" allow=\"accelerometer; autoplay; clipboard-write; encrypted-media; gyroscope; picture-in-picture\" allowfullscreen=\"allowfullscreen\"><\/iframe><br \/><br \/>\r\n<p class=\"title style-scope ytd-video-primary-info-renderer\"><yt-formatted-string force-default-style=\"\" class=\"style-scope ytd-video-primary-info-renderer\"><span>\u00a0<\/span>Adolfo Polo Damas: La infancia y la escuela.<\/yt-formatted-string><\/p>\r\n<iframe width=\"560\" height=\"315\" src=\"https:\/\/www.youtube.com\/embed\/NILmL_vnC88\" title=\"YouTube video player\" frameborder=\"0\" allow=\"accelerometer; autoplay; clipboard-write; encrypted-media; gyroscope; picture-in-picture\" allowfullscreen=\"allowfullscreen\"><\/iframe>","sponsor":"","subtitle":"Cuyin Manzano","accessinfo":"","lede":"Poblaci\u00f3n Jos\u00e9 Damas \u2013 Cuyin Manzano Ficha en construcci\u00f3n","website":"","related_resources":[],"factoids":[],"files":{"https:\/\/archivosdelsur.ar\/files\/fullsize\/b305ea3398ade3614d64adc46343abab.jpg":{"id":323,"mime-type":"image\/jpeg","title":"Untitled","thumbnail":"https:\/\/archivosdelsur.ar\/files\/square_thumbnails\/b305ea3398ade3614d64adc46343abab.jpg"},"https:\/\/archivosdelsur.ar\/files\/fullsize\/54a721823a099c1bedfe6718bb620a9e.jpg":{"id":321,"mime-type":"image\/jpeg","title":"Untitled","thumbnail":"https:\/\/archivosdelsur.ar\/files\/square_thumbnails\/54a721823a099c1bedfe6718bb620a9e.jpg"},"https:\/\/archivosdelsur.ar\/files\/fullsize\/2e361c6baeabe423b45e4b4b1860953b.jpg":{"id":322,"mime-type":"image\/jpeg","title":"Untitled","thumbnail":"https:\/\/archivosdelsur.ar\/files\/square_thumbnails\/2e361c6baeabe423b45e4b4b1860953b.jpg"}}}