{"id":59,"featured":0,"modified":"2022-04-19 21:48:47","latitude":-40.54329162006049,"longitude":-71.50672674179077,"title":"Poblaci\u00f3n Manuel Antonio Inalef","address":"","thumbnail":"https:\/\/archivosdelsur.ar\/files\/square_thumbnails\/db9717df513e67f6ac7b844806257375.jpg","creator":["Archivos del Sur"],"description":"<h3><span style=\"vertical-align: inherit;\"><span style=\"vertical-align: inherit;\"><span style=\"vertical-align: inherit;\"><span style=\"vertical-align: inherit;\">En 1946, luego de relevar el \u00e1rea, Francisco Sanju\u00e1n, oficial del ej\u00e9rcito, elabor\u00f3 \u200b\u200bun informe sobre las seccionales Traful y Traful Norte. <\/span><\/span><\/span><span style=\"vertical-align: inherit;\"><span style=\"vertical-align: inherit;\"><span style=\"vertical-align: inherit;\">A partir de los datos all\u00ed consignados, podemos conocer estadios de desarrollo econ\u00f3mico y social, relaciones de parentesco y diferentes matices regionales Extra\u00eddo del libro Esculpidos en el Tiempo, arqueolog\u00eda e historia de Traful y Cuyin Manzano - Jacqueline Guindon y Mario Jorge Silveira - educo - 2008 <br \/><br \/>Manuel Antonio Inalef. <br \/><\/span><\/span><\/span><span style=\"vertical-align: inherit;\"><span style=\"vertical-align: inherit;\"><span style=\"vertical-align: inherit;\">Mejoras: poblaci\u00f3n, cocina, quintas, potrero, cercos: 300m. <\/span><\/span><\/span><span style=\"vertical-align: inherit;\"><span style=\"vertical-align: inherit;\"><span style=\"vertical-align: inherit;\">Animales: vacunos: 25, equinos: 4 <br \/>Familia: Hijos: Felipe Inalef Nietos: Reinaldo Menco Inalef: 27;<\/span><\/span><\/span><span style=\"vertical-align: inherit;\"><span style=\"vertical-align: inherit;\"><span style=\"vertical-align: inherit;\">Ambrosio Menco Inalef vive con: Celinda Inalef <br \/>Biznietos: hijos de Ambrosio: Dionisio: 6 y Emelina: <\/span><\/span><\/span><span style=\"vertical-align: inherit;\"><span style=\"vertical-align: inherit;\"><span style=\"vertical-align: inherit;\">5 <br \/><br \/>Del censo de 1965 realizado por Parques Nacionales se destacan los siguientes datos. <br \/><\/span><\/span><\/span><span style=\"vertical-align: inherit;\"><span style=\"vertical-align: inherit;\"><span style=\"vertical-align: inherit;\">En 1965 la poblaci\u00f3n se hallaba en Sucesi\u00f3n siendo su ocupante Ambrosio Menco argentino 45 a\u00f1os. <\/span><\/span><\/span><span style=\"vertical-align: inherit;\"><span style=\"vertical-align: inherit;\"><span style=\"vertical-align: inherit;\">La esposa era do\u00f1a Mar\u00eda Antonia Huaito. <\/span><\/span><\/span><span style=\"vertical-align: inherit;\"><span style=\"vertical-align: inherit;\"><span style=\"vertical-align: inherit;\">Viv\u00edan en la poblaci\u00f3n familiares de Ambrosio Menco. <\/span><\/span><\/span><span style=\"vertical-align: inherit;\"><span style=\"vertical-align: inherit;\"><span style=\"vertical-align: inherit;\">Celinda Inalef esposa de Menco y nieta de Manuel Antonio Inalef, 45, argentina; <\/span><\/span><\/span><span style=\"vertical-align: inherit;\"><span style=\"vertical-align: inherit;\"><span style=\"vertical-align: inherit;\">Sof\u00eda Menco, 19, argentina; <\/span><\/span><\/span><span style=\"vertical-align: inherit;\"><span style=\"vertical-align: inherit;\"><span style=\"vertical-align: inherit;\">Romualdo Menco, 15, argentino; <\/span><\/span><\/span><span style=\"vertical-align: inherit;\"><span style=\"vertical-align: inherit;\"><span style=\"vertical-align: inherit;\">Rosa Menco, 13, argentina; <\/span><\/span><\/span><span style=\"vertical-align: inherit;\"><span style=\"vertical-align: inherit;\"><span style=\"vertical-align: inherit;\">H\u00e9ctor Menco, 6, argentino. <br \/><br \/><\/span><\/span><\/span><span style=\"vertical-align: inherit;\"><span style=\"vertical-align: inherit;\"><span style=\"vertical-align: inherit;\">Don Ambrosio Menco se radic\u00f3 en la poblaci\u00f3n desde 1940. Se dedic\u00f3 a tareas rurales.<br \/><br \/><\/span><\/span><\/span><span style=\"vertical-align: inherit;\"><span style=\"vertical-align: inherit;\"><span style=\"vertical-align: inherit;\">Don Manuel Inalef obtuvo el PPOP n \u00b0 0034 <br \/><br \/>Todos los ocupantes se dedican a la cr\u00eda de vacunos. <\/span><\/span><\/span><span style=\"vertical-align: inherit;\"><span style=\"vertical-align: inherit;\"><span style=\"vertical-align: inherit;\">Ten\u00eda una casa de madera de 4 x6 compuesta de una cocina y un dormitorio, techo de tejuelas, piso natural en mal estado. <\/span><\/span><\/span><span style=\"vertical-align: inherit;\"><span style=\"vertical-align: inherit;\"><span style=\"vertical-align: inherit;\">Un galp\u00f3n de 4x6 en mal estado y un galp\u00f3n de 3x5 en mal estado. <\/span><\/span><\/span><span style=\"vertical-align: inherit;\"><span style=\"vertical-align: inherit;\"><span style=\"vertical-align: inherit;\">Cercos de 400 metros de tipo var\u00f3n y 90 metros de cerco palo a pique. <br \/><br \/><\/span><\/span><\/span><span style=\"vertical-align: inherit;\"><span style=\"vertical-align: inherit;\"><span style=\"vertical-align: inherit;\">Si se realizaron rozados de 30 hect\u00e1reas en tiempos de la direcci\u00f3n de Tierras y Colonias, fueron realizados por Inalef. <br \/><br \/><\/span><\/span><\/span><span style=\"vertical-align: inherit;\"><span style=\"vertical-align: inherit;\"><span style=\"vertical-align: inherit;\">Los animales son de propiedad de Ambrosio Menco, 60 vacunos, 20 lanares y 15 yeguarizos. <\/span><\/span><\/span><span style=\"vertical-align: inherit;\"><span style=\"vertical-align: inherit;\"><span style=\"vertical-align: inherit;\">Marca de Adolfo Calfueque. <\/span><\/span><\/span><span style=\"vertical-align: inherit;\"><span style=\"vertical-align: inherit;\"><span style=\"vertical-align: inherit;\">Siembre de media hect\u00e1rea con diversas hortalizas. <\/span><\/span><\/span><span style=\"vertical-align: inherit;\"><span style=\"vertical-align: inherit;\"><span style=\"vertical-align: inherit;\">4 manzanos, 10 guindos, 50 ciruelos. <\/span><\/span><\/span><span style=\"vertical-align: inherit;\"><span style=\"vertical-align: inherit;\"><span style=\"vertical-align: inherit;\">Un bote de 4x5 con motor Sach fuera de borda de 5 HP.<\/span><\/span><\/span><\/span><\/h3>","sponsor":"","subtitle":"Brazo norte lago Traful - Menco","accessinfo":"","lede":"Poblaci\u00f3n en desarrollo. Solo se consignan datos Censo Francisco Sanjuan 1946 y Censo APN 1965","website":"","related_resources":[],"factoids":[],"files":{"https:\/\/archivosdelsur.ar\/files\/fullsize\/db9717df513e67f6ac7b844806257375.jpg":{"id":742,"mime-type":"image\/jpeg","title":"Untitled","thumbnail":"https:\/\/archivosdelsur.ar\/files\/square_thumbnails\/db9717df513e67f6ac7b844806257375.jpg"},"https:\/\/archivosdelsur.ar\/files\/fullsize\/3aa6e4489d59d39ddcff59bb8e5e07ef.jpg":{"id":743,"mime-type":"image\/jpeg","title":"Untitled","thumbnail":"https:\/\/archivosdelsur.ar\/files\/square_thumbnails\/3aa6e4489d59d39ddcff59bb8e5e07ef.jpg"},"https:\/\/archivosdelsur.ar\/files\/fullsize\/7ea4b50f75a893a25cb3dddea0b9860e.jpg":{"id":744,"mime-type":"image\/jpeg","title":"Untitled","thumbnail":"https:\/\/archivosdelsur.ar\/files\/square_thumbnails\/7ea4b50f75a893a25cb3dddea0b9860e.jpg"},"https:\/\/archivosdelsur.ar\/files\/fullsize\/3c1d59ea40da28556280510ea55bb77a.jpg":{"id":745,"mime-type":"image\/jpeg","title":"Untitled","thumbnail":"https:\/\/archivosdelsur.ar\/files\/square_thumbnails\/3c1d59ea40da28556280510ea55bb77a.jpg"},"https:\/\/archivosdelsur.ar\/files\/fullsize\/e6dba3ad92cec45d79fd6eb1c1f1b831.jpg":{"id":750,"mime-type":"image\/jpeg","title":"Untitled"}}}