{"id":64,"featured":0,"modified":"2022-04-18 18:28:20","latitude":-40.64624785509909,"longitude":-71.3276195526123,"title":"Poblaci\u00f3n Juan de la Cruz Ram\u00edrez","address":"","thumbnail":"https:\/\/archivosdelsur.ar\/files\/square_thumbnails\/4ec2f8d212cee7bf92a7035351a4aecc.jpg","creator":["Archivos del sur"],"description":"<h3>Los datos presentados corresponden al Censo de Francisco Sanjuan del a\u00f1o 1946 y Censo de APN de 1965.<\/h3>\r\n<h3>En 1946, luego de relevar el \u00e1rea, Francisco Sanjuan, oficial del ej\u00e9rcito, elabor\u00f3 un informe sobre las seccionales Traful y Traful Norte. A partir de los datos all\u00ed consignados, podemos conocer estadios de desarrollo econ\u00f3mico y social, relaciones de parentesco de poblaciones y diferentes matices regionales.<\/h3>\r\n<h3>A continuaci\u00f3n, se expone informaci\u00f3n sobre la poblaci\u00f3n, extra\u00edda del libro \u201cEsculpidos en el Tiempo, arqueolog\u00eda e historia de Traful y Cuyin Manzano\u201d de Jacqueline Guindon y Mario Jorge Silveira. Educo. 2008.<\/h3>\r\n<h3>Juan de la Cruz Ram\u00edrez estaba casado con Rosario Urrejola. El matrimonio viv\u00eda en la poblaci\u00f3n desde el a\u00f1o 1927 y obtuvieron a trav\u00e9s de la Direcci\u00f3n de Parques Nacionales Permiso Precario de Ocupaci\u00f3n Pastaje n\u00b055.<\/h3>\r\n<h3>Se registra que ten\u00edan un nieto llamado Carlos Riquelme de 25 a\u00f1os de edad, quien estaba casado con Mar\u00eda Cecilia Cifuentes.<\/h3>\r\n<h3>La familia instal\u00f3 un galp\u00f3n y cercas de 200 m. Dispon\u00edan de un terreno de 2h limpias y contaba con 15 vacunos y 4 equinos. No contaban con embarcaci\u00f3n ni carro con bueyes.<\/h3>\r\n<h3>En el Censo de APN de 1965 se incluyen datos de integrantes de la familia Novoa, como allegados a la poblaci\u00f3n de la Cruz Ram\u00edrez. <br \/><br \/>En las observaciones finales se registra que el poblador Juan de la Cruz Ram\u00edrez, debido a su avanzada edad, casi 90 a\u00f1os, introdujo en la poblaci\u00f3n como cuidador de las mejoras a don Lorenzo Novoa. \u00c9ste viv\u00eda en la poblaci\u00f3n con sus 7 hijos, trasladando con sus enseres los animales de su propiedad, constituy\u00e9ndose como poblador del lugar. <br \/><br \/>Finalmente, la poblaci\u00f3n fue desalojada y se traslad\u00f3 a los Novoa a la costa sur del lago Traful.<\/h3>","sponsor":"","subtitle":"Costa norte lago Traful","accessinfo":"","lede":"Antigua Poblaci\u00f3n Juan de la Cruz Ram\u00edrez \u2013 costa norte de lago Traful","website":"","related_resources":[],"factoids":[],"files":{"https:\/\/archivosdelsur.ar\/files\/fullsize\/4ec2f8d212cee7bf92a7035351a4aecc.jpg":{"id":672,"mime-type":"image\/png","title":"Untitled","thumbnail":"https:\/\/archivosdelsur.ar\/files\/square_thumbnails\/4ec2f8d212cee7bf92a7035351a4aecc.jpg"},"https:\/\/archivosdelsur.ar\/files\/fullsize\/3f0429c5dca9d80fbe8bfc4cc214ba58.jpg":{"id":670,"mime-type":"image\/jpeg","title":"Untitled","thumbnail":"https:\/\/archivosdelsur.ar\/files\/square_thumbnails\/3f0429c5dca9d80fbe8bfc4cc214ba58.jpg"},"https:\/\/archivosdelsur.ar\/files\/fullsize\/d4e1e9fd3ca716214c3c6a6e26874a8c.jpg":{"id":671,"mime-type":"image\/png","title":"Untitled","thumbnail":"https:\/\/archivosdelsur.ar\/files\/square_thumbnails\/d4e1e9fd3ca716214c3c6a6e26874a8c.jpg"},"https:\/\/archivosdelsur.ar\/files\/fullsize\/5d61b50cb5a0f37600507658ba9ba3fa.jpg":{"id":673,"mime-type":"image\/png","title":"Untitled","thumbnail":"https:\/\/archivosdelsur.ar\/files\/square_thumbnails\/5d61b50cb5a0f37600507658ba9ba3fa.jpg"},"https:\/\/archivosdelsur.ar\/files\/fullsize\/efd870ce1b2962d813d9323eebeec784.jpg":{"id":674,"mime-type":"image\/png","title":"Untitled","thumbnail":"https:\/\/archivosdelsur.ar\/files\/square_thumbnails\/efd870ce1b2962d813d9323eebeec784.jpg"},"https:\/\/archivosdelsur.ar\/files\/fullsize\/7ad26423c15720d57fecc42b31f5605f.jpg":{"id":675,"mime-type":"image\/png","title":"Untitled","thumbnail":"https:\/\/archivosdelsur.ar\/files\/square_thumbnails\/7ad26423c15720d57fecc42b31f5605f.jpg"},"https:\/\/archivosdelsur.ar\/files\/fullsize\/fbbf74168d9ad79c7faad5c876052002.jpg":{"id":210,"mime-type":"image\/jpeg","title":"Untitled","thumbnail":"https:\/\/archivosdelsur.ar\/files\/square_thumbnails\/fbbf74168d9ad79c7faad5c876052002.jpg"}}}