{"id":7,"featured":0,"modified":"2022-08-20 21:58:45","latitude":-40.860393124089185,"longitude":-71.66802406311035,"title":"Poblaci\u00f3n Anselmo Chabol","address":"","thumbnail":"https:\/\/archivosdelsur.ar\/files\/square_thumbnails\/dc87f5ac19a0123e14fa35c4f525020f.jpg","creator":["Archivos del Sur"],"description":"<p><span style=\"font-weight: 400;\">Don Atanasio Chabol se asienta en la base del cerro El Colorado, en una bah\u00eda natural que se llama Puerto Chabol. Cruz\u00f3 la cordillera a principios de siglo junto a la familia Eggers que se asent\u00f3 en La Estanzuela, poblaci\u00f3n vecina. Mientras los Eggers compraron la propiedad, los Chabol no pudieron, quedaron ubicados en un terreno fiscal. <\/span><\/p>\r\n<p><span style=\"font-weight: 400;\">Seg\u00fan el primer relevamiento realizado en 1936 por el pe\u00f3n de vigilancia de Parques Nacionales, Jos\u00e9 del Carmen Fuentes, los Chabol ocuparon el territorio a partir de 1922. La memoria oral relata una serie de idas y venidas hasta su asentamiento definitivo en el lote 61, distrito VI en la diagramaci\u00f3n de la Colonia Agr\u00edcola Pastoril Nahuel Huapi de 1902. Est\u00e1 ubicado en el Perilago del Nahuel Huapi. <\/span><\/p>\r\n<p><span style=\"font-weight: 400;\">En la 1\u00b0 acta de Pastaje que firm\u00f3 el hijo de Atanasio, don Anselmo Chabol, se asegura la tenencia de 1 yeguarizo, 27 vacunos y una hect\u00e1rea de huerta. Parques Nacionales concedi\u00f3 el Permiso Precario de Ocupaci\u00f3n y Pastaje n\u00b0 5 el 31 de marzo de 1937. A partir de entonces quedaron en condiciones de precariedad en relaci\u00f3n a la tenencia de la tierra y, adem\u00e1s, con limitaciones respecto de su uso.<br \/><\/span><span style=\"font-weight: 400;\"><br \/><\/span><span style=\"font-weight: 400;\">En 1938 se realiza la Ficha Personal de Poblador Fronterizo donde se asevera que don Anselmo Chabol naci\u00f3 en Osorno el 25 de abril de 1895, de profesi\u00f3n chacarero-jornalero. Sus padres se llamaban Atanasio Chabol y Rafaela Mansilla. Se cas\u00f3 con Elvira Mart\u00ednez, hija de don Tom\u00e1s Mart\u00ednez. Fue catalogado como buen poblador, sin antecedentes y cumplidor de las ordenanzas de Parque Nacional.<br \/><\/span><span style=\"font-weight: 400;\"><br \/><\/span><span style=\"font-weight: 400;\">En abril de 1938 se solicita al Estado Mayor General del Ej\u00e9rcito que determine la situaci\u00f3n de todos los ciudadanos chilenos en la frontera. Don Anselmo fue evaluado de forma positiva, pese a ser chileno, por tener ya tres hijos argentinos: Delia, Rosa del Carmen y Pablo.<br \/><\/span><span style=\"font-weight: 400;\"><br \/><\/span><span style=\"font-weight: 400;\">En 1945 se realiza nuevamente la Ficha del Poblador Fronterizo donde se registra que la fecha de su nacimiento fue el 21 de abril de 1893. El dato importante es que don Anselmo est\u00e1 en la zona desde 1909, es decir que lleg\u00f3 a El Colorado con 16 a\u00f1os. Este dato coincide con el relato de su hijo Samuel Chabol.<br \/><\/span><span style=\"font-weight: 400;\"><br \/><\/span><span style=\"font-weight: 400;\">En 1955 don Anselmo solicit\u00f3 introducir lanares a cambio de vacunos. Se autoriz\u00f3 4 lanares por 1 vacuno.<\/span><\/p>\r\n<p><span style=\"font-weight: 400;\">En 1965 se realiz\u00f3 un censo general de pobladores muy completo. Se registr\u00f3 que don Anselmo naci\u00f3 el 21 de abril de 1887 (curioso tres fechas de nacimiento en distintos censos), cruz\u00f3 la cordillera en 1909 y que en 1915 vivi\u00f3 en El Machete donde conoci\u00f3 a su compa\u00f1era Elvira Mart\u00ednez. Trabaj\u00f3 en changas y explotaciones forestales. Trabaj\u00f3 muchos a\u00f1os en la estancia Quetrihue de la familia Lynch y con el turismo que visitaba el Parque Arrayanes en sus comienzos.\u00a0<\/span><\/p>\r\n<p><span style=\"font-weight: 400;\">En ese momento se registran los siguientes bienes de la poblaci\u00f3n:<\/span><\/p>\r\n<ul>\r\n<li>\r\n<p><span style=\"font-weight: 400;\">Casa de madera de 6x9 de cipr\u00e9s - 1 cocina y tres dormitorios \u2013 galp\u00f3n 5x6- cerco palo a pique 400 mts- cerco varones 600 mts<\/span><\/p>\r\n<\/li>\r\n<li>\r\n<p><span style=\"font-weight: 400;\">27 vacunos - 30 lanares- 1 yeguarizo y 3 perros.<\/span><\/p>\r\n<\/li>\r\n<li>\r\n<p><span style=\"font-weight: 400;\">La marca es de su suegro Tom\u00e1s Mart\u00ednez y la se\u00f1al no posee - martillo arriba oreja derecha<\/span><\/p>\r\n<\/li>\r\n<li>\r\n<p><span style=\"font-weight: 400;\">Huerta 1 ha hortalizas \u2013 8 manzanos- 4 ciruelas- 3 guindos- 8 cerezos<\/span><\/p>\r\n<\/li>\r\n<li>\r\n<p><span style=\"font-weight: 400;\">1 bote madera a remo 5 mts y motor Archimedes 5 HP - Bueyes con carro 300kg<br \/><br \/><\/span><\/p>\r\n<\/li>\r\n<\/ul>\r\n<p><span style=\"font-weight: 400;\">En este Censo se registran los hijos, de los cuales no todos viven en la poblaci\u00f3n: Pablo, Delia, Rosa, Mar\u00eda, Juan, Elba, Samuel, Fresia, Porfiria, Silvia. Hijos de Delia: Azucena, Baltazar, Heraldo, Apolinario, Blanca, Aurelia. Hijos de Rosa: Albino, El\u00edas, Marta y Roman. En 1967 se autoriz\u00f3 la construcci\u00f3n de una vivienda familiar debido al estado de la vivienda original pero solo con una extracci\u00f3n de 25 metros c\u00fabicos de cipr\u00e9s.\u00a0<\/span><\/p>\r\n<p><span style=\"font-weight: 400;\">El 8 de octubre de 1970 fallece don Anselmo.\u00a0En el a\u00f1o 2007 Archivos del Sur publica un libro \"Los Chabol del Colorado\" relatando parte de la historia de la poblaci\u00f3n a trav\u00e9s de las memorias de la tercera generaci\u00f3n.<br \/><br \/>Hoy (2021) viven en la poblaci\u00f3n Silvia, Pila, Azucena y Heraldo.<br \/><\/span><\/p>\r\n<span style=\"font-weight: 400;\">Despu\u00e9s de la erupci\u00f3n del volc\u00e1n Puyehue (2011) se logr\u00f3 el permiso de Parques Nacionales para realizar un camping agreste.<br \/><br \/><b>P\u00c1GINA EN PERMANENTE CONSTRUCCI\u00d3N.<br \/><\/b><br \/><strong>Si quer\u00e9s conocer m\u00e1s sobre esta poblaci\u00f3n...<br \/><\/strong>te compartimos entrevistas, documentales y libros que se han realizado en los \u00faltimos a\u00f1os sobre las memorias y trayectorias de la poblaci\u00f3n<strong style=\"font-weight: 400;\">.<\/strong><\/span>\r\n<p><span><strong>MATERIAL AUDIOVISUAL<\/strong>:<br \/><br \/>Elba Chabol: Entre botes y nahuelitos<\/span><\/p>\r\n<iframe width=\"560\" height=\"315\" src=\"https:\/\/www.youtube.com\/embed\/uJH9Z9mcx04\" title=\"YouTube video player\" frameborder=\"0\" allow=\"accelerometer; autoplay; clipboard-write; encrypted-media; gyroscope; picture-in-picture\" allowfullscreen=\"allowfullscreen\"><iframe width=\"560\" height=\"315\" src=\"https:\/\/www.youtube.com\/embed\/yS-52JLFPqg\" title=\"YouTube video player\" frameborder=\"0\" allow=\"accelerometer; autoplay; clipboard-write; encrypted-media; gyroscope; picture-in-picture\" allowfullscreen=\"allowfullscreen\"><\/iframe><\/iframe><br \/><br \/>Elba Chabol: Do\u00f1a Carmen Chabol <br \/><br \/><iframe width=\"560\" height=\"315\" src=\"https:\/\/www.youtube.com\/embed\/yS-52JLFPqg\" title=\"YouTube video player\" frameborder=\"0\" allow=\"accelerometer; autoplay; clipboard-write; encrypted-media; gyroscope; picture-in-picture\" allowfullscreen=\"allowfullscreen\"><\/iframe> <br \/><br \/>Samuel Chabol: Pinturas rupestres<br \/><br \/><iframe width=\"560\" height=\"315\" src=\"https:\/\/www.youtube.com\/embed\/fLgiBLb8qb8\" title=\"YouTube video player\" frameborder=\"0\" allow=\"accelerometer; autoplay; clipboard-write; encrypted-media; gyroscope; picture-in-picture\" allowfullscreen=\"allowfullscreen\"><\/iframe><br \/><br \/>Samuel Chabol: Estancia Lynch, Quetrihue y temporales.<br \/><br \/><iframe width=\"560\" height=\"315\" src=\"https:\/\/www.youtube.com\/embed\/iPX1fGBykAw\" title=\"YouTube video player\" frameborder=\"0\" allow=\"accelerometer; autoplay; clipboard-write; encrypted-media; gyroscope; picture-in-picture\" allowfullscreen=\"allowfullscreen\"><\/iframe><br \/><br \/>Samuel Chabol: Los padres y la familia<br \/><br \/><iframe width=\"560\" height=\"315\" src=\"https:\/\/www.youtube.com\/embed\/KWaWgZSRBQc\" title=\"YouTube video player\" frameborder=\"0\" allow=\"accelerometer; autoplay; clipboard-write; encrypted-media; gyroscope; picture-in-picture\" allowfullscreen=\"allowfullscreen\"><\/iframe><br \/><br \/>Memorias de Do\u00f1a Azucena Chabol sobre la escuela en la voz de Mar\u00eda Teresa Andruetto<br \/><br \/><iframe width=\"560\" height=\"315\" src=\"https:\/\/www.youtube.com\/embed\/vOVCTKM_1To\" title=\"YouTube video player\" frameborder=\"0\" allow=\"accelerometer; autoplay; clipboard-write; encrypted-media; gyroscope; picture-in-picture\" allowfullscreen=\"allowfullscreen\"><\/iframe><br \/><br \/>Pioneros: Abuela Chabol<br \/><br \/><iframe width=\"560\" height=\"315\" src=\"https:\/\/www.youtube.com\/embed\/9DvUIkaqcz0\" title=\"YouTube video player\" frameborder=\"0\" allow=\"accelerometer; autoplay; clipboard-write; encrypted-media; gyroscope; picture-in-picture\" allowfullscreen=\"allowfullscreen\"><\/iframe><br \/><br \/>Pobladores, cap\u00edtulo 2 - R\u00edo Negro.<br \/><br \/><iframe width=\"560\" height=\"315\" src=\"https:\/\/www.youtube.com\/embed\/FfJZjVfkSD4\" title=\"YouTube video player\" frameborder=\"0\" allow=\"accelerometer; autoplay; clipboard-write; encrypted-media; gyroscope; picture-in-picture\" allowfullscreen=\"allowfullscreen\"><\/iframe><br \/><span><strong><br \/><br \/>PUBLICACIONES<\/strong>:<br \/><br \/><\/span>\"Do\u00f1a Elvira Mart\u00ednez de Chabol y la historia del Perilago Nahuel Huapi\". Archivos del Sur: <a href=\"https:\/\/bibliotecabayer.org.ar\/article\/8\">https:\/\/bibliotecabayer.org.ar\/article\/8<\/a><br \/>\r\n<p>\"Arte rupestre y memoria: Compartiendo una mirada sobre los artistas del Nahuel Huapi\". Archivos del Sur: <a href=\"https:\/\/bibliotecabayer.org.ar\/article\/9\">https:\/\/bibliotecabayer.org.ar\/article\/9<\/a><br \/><br \/><br \/><\/p>","sponsor":"","subtitle":"El Colorado","accessinfo":"","lede":"La familia de don Atanasio Chabol y Rafaela Mansilla se asent\u00f3 en 1909 en una de las bah\u00edas m\u00e1s hermosas del lago Nahuel Huapi a los pies del cerro Colorado. Hoy, la tercera generaci\u00f3n, contin\u00faa las vivencias que iniciaron los mayores, siendo los cuidadores del entorno natural de la bah\u00eda. Desde la poblaci\u00f3n Chabol se accede al valle del Colorado y al refugio el Colorado. Actualmente, la familia administra un camping agreste en la zona.","website":"","related_resources":["<a href=\"https:\/\/www.diarioandino.com.ar\/noticias\/2021\/06\/06\/219473-dona-elvira-martinez-de-chabol-y-la-historia-del-perilago-nahuel-huapi\" target=\"_blank\" title=\"Do\u00f1a Elvira Mart\u00ednez de Chabol\" rel=\"noreferrer noopener\">Do\u00f1a Elvira Mart\u00ednez de Chabol<\/a>"],"factoids":[],"files":{"https:\/\/archivosdelsur.ar\/files\/fullsize\/dc87f5ac19a0123e14fa35c4f525020f.jpg":{"id":9,"mime-type":"image\/jpeg","title":"Casa Chabol","thumbnail":"https:\/\/archivosdelsur.ar\/files\/square_thumbnails\/dc87f5ac19a0123e14fa35c4f525020f.jpg","description":"Descripci\u00f3n"},"https:\/\/archivosdelsur.ar\/files\/fullsize\/00369442aaab2359da6deb33e08e8d88.jpg":{"id":26,"mime-type":"image\/png","title":"Anselmo Chabol en Quetrihue","thumbnail":"https:\/\/archivosdelsur.ar\/files\/square_thumbnails\/00369442aaab2359da6deb33e08e8d88.jpg","description":"Colecci\u00f3n Pila Chabol"},"https:\/\/archivosdelsur.ar\/files\/fullsize\/4e5dcccde7ed7bf763ee1cea619e74f4.jpg":{"id":174,"mime-type":"image\/jpeg","title":"Untitled","thumbnail":"https:\/\/archivosdelsur.ar\/files\/square_thumbnails\/4e5dcccde7ed7bf763ee1cea619e74f4.jpg"},"https:\/\/archivosdelsur.ar\/files\/fullsize\/5bd35e72ec558b64d24d345bed851a73.jpg":{"id":175,"mime-type":"image\/jpeg","title":"Untitled","thumbnail":"https:\/\/archivosdelsur.ar\/files\/square_thumbnails\/5bd35e72ec558b64d24d345bed851a73.jpg"},"https:\/\/archivosdelsur.ar\/files\/fullsize\/4a73ffc1e65a930f21582020a4c08d13.jpg":{"id":177,"mime-type":"image\/jpeg","title":"Untitled","thumbnail":"https:\/\/archivosdelsur.ar\/files\/square_thumbnails\/4a73ffc1e65a930f21582020a4c08d13.jpg"},"https:\/\/archivosdelsur.ar\/files\/fullsize\/b2321ac63a7cf3b3c0e39922e4c8dcb5.jpg":{"id":178,"mime-type":"image\/jpeg","title":"Untitled","thumbnail":"https:\/\/archivosdelsur.ar\/files\/square_thumbnails\/b2321ac63a7cf3b3c0e39922e4c8dcb5.jpg"},"https:\/\/archivosdelsur.ar\/files\/fullsize\/a2dd48365563c8ce460c53f0818a273c.jpg":{"id":179,"mime-type":"image\/jpeg","title":"Untitled","thumbnail":"https:\/\/archivosdelsur.ar\/files\/square_thumbnails\/a2dd48365563c8ce460c53f0818a273c.jpg"},"https:\/\/archivosdelsur.ar\/files\/fullsize\/06b60b3722860283aa3f7133607f70e2.jpg":{"id":176,"mime-type":"image\/jpeg","title":"Untitled","thumbnail":"https:\/\/archivosdelsur.ar\/files\/square_thumbnails\/06b60b3722860283aa3f7133607f70e2.jpg"}}}