{"id":91,"featured":0,"modified":"2022-04-25 11:37:58","latitude":-40.76134621103219,"longitude":-71.17255568504333,"title":"Poblaci\u00f3n Ismael Riquelme","address":"","thumbnail":"https:\/\/archivosdelsur.ar\/files\/square_thumbnails\/95e719e4256dd12574cc7c3d25ef7e91.jpg","creator":["Archivos del Sur"],"description":"<h3>Poblaci\u00f3n Ismael Riquelme \u2013 Cuyin Manzano<br \/><br \/>Ficha en construcci\u00f3n <br \/><br \/>El censo realizado por Parques Nacionales en 1965, nos aporta valiosos datos acerca de esta poblaci\u00f3n ubicada en la margen oeste del rio Cuyin Manzano a unos 200 metros de la escuela. <br \/><br \/>Los padres de don Ismael eran Juan B. Riquelme y Griselda Contreras. Hab\u00eda nacido en la localidad de Chillan en marzo de 1894.<br \/><br \/>Estaba casado con Flora Angel Espinosa (1905). Los hijos del matrimonio eran Ana Mar\u00eda 45, Marta Elena 43, Basilio 41, Estefan\u00eda 39, Ermelinda 36, Polonia 34, Adelio, Jos\u00e9 Ismael 30, Arsenio 28, Gerardo 24, Ginesio 21.<br \/><br \/>Solo viv\u00edan en la poblaci\u00f3n para 1965 estos tres \u00faltimos. Luego de cruzar la cordillera los Riquelme se asentaron en Piedra del \u00e1guila desde 1922 y llegaron a Cuyin Manzano en 1934. Don Ismael sab\u00eda leer y escribir. Obtuvo el PPOP n\u00b0 49 extendido por la Direcci\u00f3n General, el 14 de noviembre de 1938. <br \/><br \/>Don Ismael ten\u00eda unos pocos animales y sus hijos trabajaban en forma espor\u00e1dica en Vialidad Nacional y haciendo changas diversas. La casa familiar era de 6x8, toda de madera, techo de chapas de zinc, compuesta por una cocina, 3 dormitorios. Un galp\u00f3n de orillas de cipr\u00e9s y techo de tejuelas sin piso. Un galp\u00f3n de 3x 4. Ambos en regular estado. Cerco de una hect\u00e1rea que cierra huerta de hortalizas de orillas y palo a pique. <br \/><br \/>Los animales eran de propiedad de Ismael Riquelme: 60 lanares, 6 yeguarizos y 20 cabr\u00edos. Con boleto de marca n\u00b0 89. Una hect\u00e1rea de hortalizas, 20 manzanos, 50 guindos y 15 ciruelos. Un carro de 1000 kg. <br \/><br \/>Se remarca que trabaj\u00f3 en Parques Nacionales como pe\u00f3n caminero y en 1965 estaba jubilado.<\/h3>","sponsor":"","subtitle":"Cuyin Manzano","accessinfo":"","lede":"","website":"","related_resources":[],"factoids":[],"files":{"https:\/\/archivosdelsur.ar\/files\/fullsize\/95e719e4256dd12574cc7c3d25ef7e91.jpg":{"id":828,"mime-type":"image\/png","title":"Untitled","thumbnail":"https:\/\/archivosdelsur.ar\/files\/square_thumbnails\/95e719e4256dd12574cc7c3d25ef7e91.jpg"},"https:\/\/archivosdelsur.ar\/files\/fullsize\/ce212d3b038372758c429e6960ccc593.jpg":{"id":629,"mime-type":"image\/jpeg","title":"Untitled","thumbnail":"https:\/\/archivosdelsur.ar\/files\/square_thumbnails\/ce212d3b038372758c429e6960ccc593.jpg"},"https:\/\/archivosdelsur.ar\/files\/fullsize\/8a4cc44016bb41816d8182e246ee4155.jpg":{"id":628,"mime-type":"image\/jpeg","title":"Untitled","thumbnail":"https:\/\/archivosdelsur.ar\/files\/square_thumbnails\/8a4cc44016bb41816d8182e246ee4155.jpg"},"https:\/\/archivosdelsur.ar\/files\/fullsize\/dcdb93a760cdb6b98e7b07a0c394ea14.jpg":{"id":327,"mime-type":"image\/jpeg","title":"Untitled","thumbnail":"https:\/\/archivosdelsur.ar\/files\/square_thumbnails\/dcdb93a760cdb6b98e7b07a0c394ea14.jpg"},"https:\/\/archivosdelsur.ar\/files\/fullsize\/a6d9205199a62c10be53131857a8232c.jpg":{"id":827,"mime-type":"image\/jpeg","title":"Untitled","thumbnail":"https:\/\/archivosdelsur.ar\/files\/square_thumbnails\/a6d9205199a62c10be53131857a8232c.jpg"}}}