{"id":6,"title":"Poblaciones del Limay y Cuyin Manzano","creator":"","description":"Poblaciones de la costa del Limay y Cuyin Manzano<br><br>","postscript_text":"","tour_img":"https:\/\/archivosdelsur.ar\/files\/fullsize\/c170c11daaa5b5e7130cd89b9dff0e3a.jpg","items":[{"id":151,"title":"Fort\u00edn Chacabuco","latitude":-41.01744533398998,"longitude":-71.1335563659668,"thumbnail":"https:\/\/archivosdelsur.ar\/files\/square_thumbnails\/c170c11daaa5b5e7130cd89b9dff0e3a.jpg","fullsize":"https:\/\/archivosdelsur.ar\/files\/fullsize\/c170c11daaa5b5e7130cd89b9dff0e3a.jpg"},{"id":166,"title":"Estancia San Ram\u00f3n","latitude":-41.05938740608599,"longitude":-71.12780570983887,"thumbnail":"https:\/\/archivosdelsur.ar\/files\/square_thumbnails\/6f02334bfea915d452931bcae53795b1.jpg","fullsize":"https:\/\/archivosdelsur.ar\/files\/fullsize\/6f02334bfea915d452931bcae53795b1.jpg"},{"id":230,"title":"El boliche de Garay","latitude":-41.05711702485356,"longitude":-71.1435154080391,"thumbnail":"https:\/\/archivosdelsur.ar\/files\/square_thumbnails\/3df0c2b1938f9e4541fe2341bd526b04.jpg","fullsize":"https:\/\/archivosdelsur.ar\/files\/fullsize\/3df0c2b1938f9e4541fe2341bd526b04.jpg"},{"id":188,"title":"Destacamento Policial Nahuel Huapi","latitude":-41.05598224728694,"longitude":-71.14632368087769,"thumbnail":"https:\/\/archivosdelsur.ar\/files\/square_thumbnails\/3b4091117649efebd38edea9d13a6c92.jpg","fullsize":"https:\/\/archivosdelsur.ar\/files\/fullsize\/3b4091117649efebd38edea9d13a6c92.jpg"},{"id":157,"title":"Boliche Viejo de Jarred Jones","latitude":-41.05460713913657,"longitude":-71.14977836608887,"thumbnail":"https:\/\/archivosdelsur.ar\/files\/square_thumbnails\/08f4224e84dc3f2a3e38b7200e704014.jpg","fullsize":"https:\/\/archivosdelsur.ar\/files\/fullsize\/08f4224e84dc3f2a3e38b7200e704014.jpg"},{"id":203,"title":"Puente R\u00edo Limay nacimiento","latitude":-41.05645773878827,"longitude":-71.14874303340912,"thumbnail":"https:\/\/archivosdelsur.ar\/files\/square_thumbnails\/32ac0d365e00a009767d794b121e7532.jpg","fullsize":"https:\/\/archivosdelsur.ar\/files\/fullsize\/32ac0d365e00a009767d794b121e7532.jpg"},{"id":58,"title":"Balsa del Limay","latitude":-41.05611320846876,"longitude":-71.14896297454834,"thumbnail":"https:\/\/archivosdelsur.ar\/files\/square_thumbnails\/056ac89adbf9d1c5d96bcff227c58135.jpg","fullsize":"https:\/\/archivosdelsur.ar\/files\/fullsize\/056ac89adbf9d1c5d96bcff227c58135.jpg"},{"id":215,"title":"Puente rio Cuyin Manzano","latitude":-40.71886329781562,"longitude":-71.13946795463562,"thumbnail":"https:\/\/archivosdelsur.ar\/files\/square_thumbnails\/54e2c51ebc941fd388a32807fe8d6c0d.jpg","fullsize":"https:\/\/archivosdelsur.ar\/files\/fullsize\/54e2c51ebc941fd388a32807fe8d6c0d.jpg"},{"id":248,"title":"Puente colgante La Lipela","latitude":-40.7918266911962,"longitude":-71.12006217241287,"thumbnail":"https:\/\/archivosdelsur.ar\/files\/square_thumbnails\/9cc28a477528f50749084321fd424357.jpg","fullsize":"https:\/\/archivosdelsur.ar\/files\/fullsize\/9cc28a477528f50749084321fd424357.jpg"},{"id":54,"title":"Estancia 7 Condores (Ex Estancia Creide)","latitude":-40.75026900020706,"longitude":-71.16326451301575,"thumbnail":"https:\/\/archivosdelsur.ar\/files\/square_thumbnails\/e8d8d1fe2fa0f13d197ba357f21e3f52.jpg","fullsize":"https:\/\/archivosdelsur.ar\/files\/fullsize\/e8d8d1fe2fa0f13d197ba357f21e3f52.jpg"},{"id":90,"title":"Poblaci\u00f3n Toribio Martinez","latitude":-40.757548913561244,"longitude":-71.16145133972168,"thumbnail":"https:\/\/archivosdelsur.ar\/files\/square_thumbnails\/ade62cc6164e2e36f5029b8ca0923df8.jpg","fullsize":"https:\/\/archivosdelsur.ar\/files\/fullsize\/ade62cc6164e2e36f5029b8ca0923df8.jpg"},{"id":91,"title":"Poblaci\u00f3n Ismael Riquelme","latitude":-40.76134621103219,"longitude":-71.17255568504333,"thumbnail":"https:\/\/archivosdelsur.ar\/files\/square_thumbnails\/95e719e4256dd12574cc7c3d25ef7e91.jpg","fullsize":"https:\/\/archivosdelsur.ar\/files\/fullsize\/95e719e4256dd12574cc7c3d25ef7e91.jpg"},{"id":89,"title":"Poblaci\u00f3n Carlos Chamorro","latitude":-40.76190477195066,"longitude":-71.17393970489502,"thumbnail":"https:\/\/archivosdelsur.ar\/files\/square_thumbnails\/c5987d780ebc171d7a14b2f6323f9fa2.jpg","fullsize":"https:\/\/archivosdelsur.ar\/files\/fullsize\/c5987d780ebc171d7a14b2f6323f9fa2.jpg"},{"id":97,"title":"Poblaci\u00f3n Lindor Zumelzu","latitude":-40.76612157128315,"longitude":-71.17162495851517,"thumbnail":"https:\/\/archivosdelsur.ar\/files\/square_thumbnails\/36731a5f48816acf62f1a1e0e544c9af.jpg","fullsize":"https:\/\/archivosdelsur.ar\/files\/fullsize\/36731a5f48816acf62f1a1e0e544c9af.jpg"},{"id":251,"title":"poblaci\u00f3n Fuentealba","latitude":-40.766332842257846,"longitude":-71.17186099290848,"thumbnail":"https:\/\/archivosdelsur.ar\/files\/square_thumbnails\/778485cfed8e09b915bedeb17954d197.jpg","fullsize":"https:\/\/archivosdelsur.ar\/files\/fullsize\/778485cfed8e09b915bedeb17954d197.jpg"},{"id":195,"title":"Poblaci\u00f3n Juan B. Vivanco Parada","latitude":-40.775069400730274,"longitude":-71.18381559848785,"thumbnail":"https:\/\/archivosdelsur.ar\/files\/square_thumbnails\/235a9b43f8446b5b1c8f8176f246adb3.jpg","fullsize":"https:\/\/archivosdelsur.ar\/files\/fullsize\/235a9b43f8446b5b1c8f8176f246adb3.jpg"},{"id":246,"title":"Martin ( Martiniano) Zumelzu","latitude":-40.77342234612255,"longitude":-71.17462635040283,"thumbnail":"https:\/\/archivosdelsur.ar\/files\/square_thumbnails\/7fb707b883d5c9dac6aa7afc670b0a56.jpg","fullsize":"https:\/\/archivosdelsur.ar\/files\/fullsize\/7fb707b883d5c9dac6aa7afc670b0a56.jpg"},{"id":238,"title":"Veranada de Franco","latitude":-40.78253128807953,"longitude":-71.20000004768372,"thumbnail":"https:\/\/archivosdelsur.ar\/files\/square_thumbnails\/8b3981960ddeeb909991f4d8907bf14e.jpg","fullsize":"https:\/\/archivosdelsur.ar\/files\/fullsize\/8b3981960ddeeb909991f4d8907bf14e.jpg"},{"id":235,"title":"Canoas de Berra","latitude":-40.786495590440644,"longitude":-71.19442105293274,"thumbnail":"https:\/\/archivosdelsur.ar\/files\/square_thumbnails\/6d31c6287ae90f9107dff06a07f57560.jpg","fullsize":"https:\/\/archivosdelsur.ar\/files\/fullsize\/6d31c6287ae90f9107dff06a07f57560.jpg"},{"id":92,"title":"Poblaci\u00f3n Carlos Gonzalez","latitude":-40.78777398687346,"longitude":-71.12866401672363,"thumbnail":"https:\/\/archivosdelsur.ar\/files\/square_thumbnails\/a0647228a71e890545cac98e108c533b.jpg","fullsize":"https:\/\/archivosdelsur.ar\/files\/fullsize\/a0647228a71e890545cac98e108c533b.jpg"},{"id":55,"title":"Escuela N\u00b0 11","latitude":-40.754210845817454,"longitude":-71.1659574508667,"thumbnail":"https:\/\/archivosdelsur.ar\/files\/square_thumbnails\/9a992ba86fc803b736436f2a3bcd23e8.jpg","fullsize":"https:\/\/archivosdelsur.ar\/files\/fullsize\/9a992ba86fc803b736436f2a3bcd23e8.jpg"},{"id":247,"title":"Escuela La Lipela","latitude":-40.79950407967336,"longitude":-71.1197429895401,"thumbnail":"https:\/\/archivosdelsur.ar\/files\/square_thumbnails\/c91859a3383a084ed5f9ca02c4727b30.jpg","fullsize":"https:\/\/archivosdelsur.ar\/files\/fullsize\/c91859a3383a084ed5f9ca02c4727b30.jpg"},{"id":233,"title":"Veranada Gonz\u00e1lez - Naciente arroyo Las Horquetas - La Lipela","latitude":-40.80423456882449,"longitude":-71.1564838886261,"thumbnail":"https:\/\/archivosdelsur.ar\/files\/square_thumbnails\/ba4352c77a51c0b9dd341a87cd4e72aa.jpg","fullsize":"https:\/\/archivosdelsur.ar\/files\/fullsize\/ba4352c77a51c0b9dd341a87cd4e72aa.jpg"},{"id":232,"title":"destacamento polic\u00eda La Lipela","latitude":-40.81286419703313,"longitude":-71.10475078225136,"thumbnail":"https:\/\/archivosdelsur.ar\/files\/square_thumbnails\/59db8f3f120ba69ddd58c717657bb2f5.jpg","fullsize":"https:\/\/archivosdelsur.ar\/files\/fullsize\/59db8f3f120ba69ddd58c717657bb2f5.jpg"},{"id":252,"title":"poblaci\u00f3n de Tom\u00e1s Antriao y Luisa Zumelz\u00fa","latitude":-40.84663211335867,"longitude":-71.09514981508255,"thumbnail":"https:\/\/archivosdelsur.ar\/files\/square_thumbnails\/bffd0fadbdb14e11929e40f4d814beb5.jpg","fullsize":"https:\/\/archivosdelsur.ar\/files\/fullsize\/bffd0fadbdb14e11929e40f4d814beb5.jpg"},{"id":244,"title":"Chacra de Mendoza","latitude":-40.850856466588986,"longitude":-71.13171100616455,"thumbnail":"https:\/\/archivosdelsur.ar\/files\/square_thumbnails\/8aa09c971a3cc89221f939607c403af6.jpg","fullsize":"https:\/\/archivosdelsur.ar\/files\/fullsize\/8aa09c971a3cc89221f939607c403af6.jpg"},{"id":253,"title":"Poblaci\u00f3n Lindor Zumelzu - Mallin Chileno","latitude":-40.86021444125873,"longitude":-71.09296917915344,"thumbnail":"https:\/\/archivosdelsur.ar\/files\/square_thumbnails\/559814bb3253c1361d8f69baea739f73.jpg","fullsize":"https:\/\/archivosdelsur.ar\/files\/fullsize\/559814bb3253c1361d8f69baea739f73.jpg"},{"id":56,"title":"Poblaci\u00f3n Jos\u00e9 Damas","latitude":-40.75699844297536,"longitude":-71.16848945617676,"thumbnail":"https:\/\/archivosdelsur.ar\/files\/square_thumbnails\/b305ea3398ade3614d64adc46343abab.jpg","fullsize":"https:\/\/archivosdelsur.ar\/files\/fullsize\/b305ea3398ade3614d64adc46343abab.jpg"},{"id":93,"title":"Almacen de Creide","latitude":-40.78469396417391,"longitude":-71.11877202987671,"thumbnail":"https:\/\/archivosdelsur.ar\/files\/square_thumbnails\/58003da4634234f8c7ceed26a998ca63.jpg","fullsize":"https:\/\/archivosdelsur.ar\/files\/fullsize\/58003da4634234f8c7ceed26a998ca63.jpg"},{"id":245,"title":"Puesto Solis - Rinc\u00f3n de Creide - La Lipela","latitude":-40.78870509888826,"longitude":-71.1191475391388,"thumbnail":"https:\/\/archivosdelsur.ar\/files\/square_thumbnails\/e8e12f80ed22991be7aa4121c05a72f5.jpg","fullsize":"https:\/\/archivosdelsur.ar\/files\/fullsize\/e8e12f80ed22991be7aa4121c05a72f5.jpg"},{"id":250,"title":"puesto Jos\u00e9 Mena","latitude":-40.78552319557937,"longitude":-71.12139254808426,"thumbnail":"https:\/\/archivosdelsur.ar\/files\/square_thumbnails\/29240db2f90a118ca16380129c3e742c.jpg","fullsize":"https:\/\/archivosdelsur.ar\/files\/fullsize\/29240db2f90a118ca16380129c3e742c.jpg"},{"id":231,"title":"Veranada  Ferm\u00edn Mena  - La Lipela","latitude":-40.840203955382385,"longitude":-71.10605031251907,"thumbnail":"https:\/\/archivosdelsur.ar\/files\/square_thumbnails\/25911d76842c6061a434061083e1ea86.jpg","fullsize":"https:\/\/archivosdelsur.ar\/files\/fullsize\/25911d76842c6061a434061083e1ea86.jpg"},{"id":96,"title":"Poblaci\u00f3n Mena","latitude":-40.81808274304667,"longitude":-71.12222671508789,"thumbnail":"https:\/\/archivosdelsur.ar\/files\/square_thumbnails\/eef98e6ef8c02f567f178a663279f91d.jpg","fullsize":"https:\/\/archivosdelsur.ar\/files\/fullsize\/eef98e6ef8c02f567f178a663279f91d.jpg"},{"id":99,"title":"Poblaci\u00f3n Aurelia Cornelio","latitude":-40.78917801146878,"longitude":-71.2068772315979,"thumbnail":"https:\/\/archivosdelsur.ar\/files\/square_thumbnails\/8a03ef013c3160a2de24396f37227a81.jpg","fullsize":"https:\/\/archivosdelsur.ar\/files\/fullsize\/8a03ef013c3160a2de24396f37227a81.jpg"},{"id":100,"title":"Poblaci\u00f3n Ger\u00f3nimo Rivas - Julio Cornelio","latitude":-40.791088158173785,"longitude":-71.21380805969238,"thumbnail":"https:\/\/archivosdelsur.ar\/files\/square_thumbnails\/905085e30c3faa4c144fd69c9643c53b.jpg","fullsize":"https:\/\/archivosdelsur.ar\/files\/fullsize\/905085e30c3faa4c144fd69c9643c53b.jpg"},{"id":98,"title":"Poblaci\u00f3n Juan del Carmen Chandia","latitude":-40.78140511497421,"longitude":-71.19235038757324,"thumbnail":"https:\/\/archivosdelsur.ar\/files\/square_thumbnails\/273c1426ced8dfd0ee659666db72847b.jpg","fullsize":"https:\/\/archivosdelsur.ar\/files\/fullsize\/273c1426ced8dfd0ee659666db72847b.jpg"},{"id":254,"title":"poblaci\u00f3n Antonio Mol","latitude":-40.80353233875405,"longitude":-71.12137377262115,"thumbnail":"https:\/\/archivosdelsur.ar\/files\/square_thumbnails\/150b9f26c4e9b85478e4b5a7a74d27f6.jpg","fullsize":"https:\/\/archivosdelsur.ar\/files\/fullsize\/150b9f26c4e9b85478e4b5a7a74d27f6.jpg"}]}